{"id":21797,"date":"2023-02-16T17:13:47","date_gmt":"2023-02-16T16:13:47","guid":{"rendered":"https:\/\/kapweine.ch\/top-producers-meeting-10-march-2023\/"},"modified":"2023-03-14T13:13:54","modified_gmt":"2023-03-14T12:13:54","slug":"top-producers-meeting-10-march-2023","status":"publish","type":"post","link":"https:\/\/kapweine.ch\/en\/top-producers-meeting-10-march-2023\/","title":{"rendered":"Top Producers Meeting &#8211; 10 March 2023"},"content":{"rendered":"<p>[et_pb_section fb_built=&#8221;1&#8243; _builder_version=&#8221;4.10.7&#8243; _module_preset=&#8221;default&#8221; custom_padding=&#8221;3px||0px|||&#8221; global_colors_info=&#8221;{}&#8221;][et_pb_row _builder_version=&#8221;4.10.7&#8243; _module_preset=&#8221;default&#8221; global_colors_info=&#8221;{}&#8221;][et_pb_column type=&#8221;4_4&#8243; _builder_version=&#8221;4.10.7&#8243; _module_preset=&#8221;default&#8221; global_colors_info=&#8221;{}&#8221;][et_pb_text _builder_version=&#8221;4.10.7&#8243; _module_preset=&#8221;default&#8221; header_font_size=&#8221;64px&#8221; header_2_font=&#8221;Prompt|200|||||||&#8221; header_2_font_size=&#8221;59px&#8221; global_colors_info=&#8221;{}&#8221;]<\/p>\n<h1><strong>Meet &amp; Greet<\/strong><\/h1>\n<h2 style=\"text-align: left;\">Wine Tasting<\/h2>\n<p>[\/et_pb_text][\/et_pb_column][\/et_pb_row][et_pb_row _builder_version=&#8221;4.10.7&#8243; _module_preset=&#8221;default&#8221; global_colors_info=&#8221;{}&#8221;][et_pb_column type=&#8221;4_4&#8243; _builder_version=&#8221;4.10.7&#8243; _module_preset=&#8221;default&#8221; global_colors_info=&#8221;{}&#8221;][et_pb_text _builder_version=&#8221;4.10.7&#8243; _module_preset=&#8221;default&#8221; custom_padding=&#8221;||6px|||&#8221; global_colors_info=&#8221;{}&#8221;]<\/p>\n<h3 style=\"text-align: left;\">Friday 10 March 2023 &#8211; 15-20 h<\/h3>\n<p>[\/et_pb_text][et_pb_text _builder_version=&#8221;4.10.7&#8243; _module_preset=&#8221;default&#8221; global_colors_info=&#8221;{}&#8221;]<\/p>\n<h3 style=\"text-align: justify;\">KapWeine receives visits from top producers and invites you to meet them in a cosy showroom atmosphere!<\/h3>\n<p style=\"text-align: justify;\">\n<p style=\"text-align: justify;\"><span style=\"font-weight: 400;\">Besuchen Sie uns am <strong>Freitag den 10. M\u00e4rz 2023, <\/strong>denn es reisen nahmhafte Produzenten bei uns im Showroom in W\u00e4denswil an. Wir freuen uns zusammen mit Ihnen auf das besondere Meet &amp; Greet mit Vilafont\u00e9, Rust En Vrede und Constantia Glen! Tauschen Sie sich pers\u00f6nlich mit den Winzern vor Ort aus und lassen sich von der Weinkultur S\u00fcdafrikas verzaubern. Erleben Sie eine besondere Vielfalt an hochwertigen Weinen und erfahren Sie mehr \u00fcber das Weingut, die Vinifikation sowie die Weine von den Produzenten. Daneben erwartet Sie ein ausgewogenes Sortiment an offenen Weinen zum Verweilen, Geniessen, Entdecken und Fachsimpeln.<\/span><\/p>\n<p><strong>Zur Feier des Tages profitieren Sie am Event von einem 20% Cash &amp; Carry Event-Rabatt*.<\/strong><\/p>\n<p>*\u200bG\u00fcltig auf s\u00e4mtliche nicht bereits rabattierte Weine &#8211; nicht kumulierbar mit anderen Rabatten.<\/p>\n<p>&nbsp;<\/p>\n<p>[\/et_pb_text][\/et_pb_column][\/et_pb_row][et_pb_row _builder_version=&#8221;4.10.7&#8243; _module_preset=&#8221;default&#8221; global_colors_info=&#8221;{}&#8221;][et_pb_column type=&#8221;4_4&#8243; _builder_version=&#8221;4.10.7&#8243; _module_preset=&#8221;default&#8221; global_colors_info=&#8221;{}&#8221;][et_pb_divider color=&#8221;#000000&#8243; _builder_version=&#8221;4.10.7&#8243; _module_preset=&#8221;default&#8221; background_color=&#8221;RGBA(0,0,0,0)&#8221; custom_padding=&#8221;8px|||||&#8221; global_colors_info=&#8221;{}&#8221;][\/et_pb_divider][et_pb_cta title=&#8221;Now with 20% event discount&#8221; button_url=&#8221;https:\/\/shop.kapweine.ch\/&#8221; url_new_window=&#8221;on&#8221; button_text=&#8221;To the Online Shop&#8221; _builder_version=&#8221;4.10.7&#8243; _module_preset=&#8221;default&#8221; background_color=&#8221;#d63520&#8243; custom_button=&#8221;on&#8221; button_use_icon=&#8221;off&#8221; custom_margin=&#8221;||35px|||&#8221; link_option_url_new_window=&#8221;on&#8221; global_colors_info=&#8221;{}&#8221;]<\/p>\n<p><strong>Get a 20% discount* on the two days of the event.<\/strong><br \/>Valid at the event on site (Cash &amp; Carry) *Valid on all wines not already discounted &#8211; cannot be cumulated with other discounts.<\/p>\n<p>[\/et_pb_cta][et_pb_divider color=&#8221;#000000&#8243; _builder_version=&#8221;4.10.7&#8243; _module_preset=&#8221;default&#8221; background_color=&#8221;RGBA(0,0,0,0)&#8221; custom_padding=&#8221;8px|||||&#8221; global_colors_info=&#8221;{}&#8221;][\/et_pb_divider][\/et_pb_column][\/et_pb_row][\/et_pb_section][et_pb_section fb_built=&#8221;1&#8243; _builder_version=&#8221;4.10.7&#8243; _module_preset=&#8221;default&#8221; custom_margin=&#8221;||-6px|||&#8221; custom_padding=&#8221;0px|||||&#8221; global_colors_info=&#8221;{}&#8221;][et_pb_row column_structure=&#8221;1_2,1_2&#8243; _builder_version=&#8221;4.10.7&#8243; _module_preset=&#8221;default&#8221; custom_padding=&#8221;||0px|||&#8221; global_colors_info=&#8221;{}&#8221;][et_pb_column type=&#8221;1_2&#8243; _builder_version=&#8221;4.10.7&#8243; _module_preset=&#8221;default&#8221; global_colors_info=&#8221;{}&#8221;][et_pb_text _builder_version=&#8221;4.10.7&#8243; _module_preset=&#8221;default&#8221; header_font_size=&#8221;64px&#8221; header_2_font=&#8221;Prompt|200|||||||&#8221; header_2_font_size=&#8221;59px&#8221; custom_padding=&#8221;||6px|||&#8221; global_colors_info=&#8221;{}&#8221;]<\/p>\n<h3 style=\"text-align: left;\">Rust En Vrede<\/h3>\n<p>[\/et_pb_text][et_pb_text _builder_version=&#8221;4.10.7&#8243; _module_preset=&#8221;default&#8221; custom_margin=&#8221;||2px|||&#8221; global_colors_info=&#8221;{}&#8221;]<\/p>\n<p class=\"u-subtitle u-text u-text-body-alt-color u-text-1\" style=\"text-align: justify;\">Aus Stellenbosch angreist Herr Warren Granat Mulder (International Sales Manager), welche die Weine von Rust En Vrede zeigen wird.<\/p>\n<p style=\"text-align: justify;\">\u00a0<\/p>\n<p>[\/et_pb_text][\/et_pb_column][et_pb_column type=&#8221;1_2&#8243; _builder_version=&#8221;4.10.7&#8243; _module_preset=&#8221;default&#8221; global_colors_info=&#8221;{}&#8221;][et_pb_image src=&#8221;https:\/\/kapweine.ch\/wp-content\/uploads\/2021\/11\/13668711_596965153798985_2538637692738524227_o-1-1080&#215;540.jpg&#8221; alt=&#8221;Warwick White Wine of the Year 2022&#8243; title_text=&#8221;Warwick White Wine of the Year 2022&#8243; url=&#8221;https:\/\/shop.kapweine.ch\/warwick-professor-black-sauvignon-blanc-2021&#8243; url_new_window=&#8221;on&#8221; align=&#8221;center&#8221; force_fullwidth=&#8221;on&#8221; _builder_version=&#8221;4.10.7&#8243; _module_preset=&#8221;default&#8221; max_height=&#8221;1000px&#8221; custom_padding=&#8221;||0px|||&#8221; global_colors_info=&#8221;{}&#8221;][\/et_pb_image][\/et_pb_column][\/et_pb_row][et_pb_row _builder_version=&#8221;4.10.7&#8243; _module_preset=&#8221;default&#8221; global_colors_info=&#8221;{}&#8221;][et_pb_column type=&#8221;4_4&#8243; _builder_version=&#8221;4.10.7&#8243; _module_preset=&#8221;default&#8221; global_colors_info=&#8221;{}&#8221;][et_pb_divider color=&#8221;#000000&#8243; _builder_version=&#8221;4.10.7&#8243; _module_preset=&#8221;default&#8221; background_color=&#8221;RGBA(0,0,0,0)&#8221; custom_padding=&#8221;8px|||||&#8221; global_colors_info=&#8221;{}&#8221;][\/et_pb_divider][\/et_pb_column][\/et_pb_row][et_pb_row column_structure=&#8221;1_2,1_2&#8243; _builder_version=&#8221;4.10.7&#8243; _module_preset=&#8221;default&#8221; custom_padding=&#8221;||0px|||&#8221; global_colors_info=&#8221;{}&#8221;][et_pb_column type=&#8221;1_2&#8243; _builder_version=&#8221;4.10.7&#8243; _module_preset=&#8221;default&#8221; global_colors_info=&#8221;{}&#8221;][et_pb_image src=&#8221;https:\/\/kapweine.ch\/wp-content\/uploads\/2021\/11\/62898_smaller-1.jpg&#8221; alt=&#8221;Meet the Producers&#8221; title_text=&#8221;Meet the Producers&#8221; url_new_window=&#8221;on&#8221; align=&#8221;center&#8221; force_fullwidth=&#8221;on&#8221; _builder_version=&#8221;4.10.7&#8243; _module_preset=&#8221;default&#8221; max_height=&#8221;1000px&#8221; custom_padding=&#8221;||0px|||&#8221; global_colors_info=&#8221;{}&#8221;][\/et_pb_image][\/et_pb_column][et_pb_column type=&#8221;1_2&#8243; _builder_version=&#8221;4.10.7&#8243; _module_preset=&#8221;default&#8221; global_colors_info=&#8221;{}&#8221;][et_pb_text _builder_version=&#8221;4.10.7&#8243; _module_preset=&#8221;default&#8221; header_font_size=&#8221;64px&#8221; header_2_font=&#8221;Prompt|200|||||||&#8221; header_2_font_size=&#8221;59px&#8221; custom_padding=&#8221;||6px|||&#8221; global_colors_info=&#8221;{}&#8221;]<\/p>\n<h3 style=\"text-align: left;\">Constantia Glen<\/h3>\n<p>[\/et_pb_text][et_pb_text _builder_version=&#8221;4.10.7&#8243; _module_preset=&#8221;default&#8221; custom_margin=&#8221;||2px|||&#8221; global_colors_info=&#8221;{}&#8221;]<\/p>\n<p class=\"u-subtitle u-text u-text-body-alt-color u-text-1\" style=\"text-align: justify;\">From Constantia right next to Table Mountain, CEO Horst Prader will present the Constantia Glens wines and our White Wine of the Year 2023.<\/p>\n<p style=\"text-align: justify;\">\u00a0<\/p>\n<p>[\/et_pb_text][\/et_pb_column][\/et_pb_row][et_pb_row _builder_version=&#8221;4.10.7&#8243; _module_preset=&#8221;default&#8221; global_colors_info=&#8221;{}&#8221;][et_pb_column type=&#8221;4_4&#8243; _builder_version=&#8221;4.10.7&#8243; _module_preset=&#8221;default&#8221; global_colors_info=&#8221;{}&#8221;][et_pb_divider color=&#8221;#000000&#8243; _builder_version=&#8221;4.10.7&#8243; _module_preset=&#8221;default&#8221; background_color=&#8221;RGBA(0,0,0,0)&#8221; custom_padding=&#8221;8px|||||&#8221; global_colors_info=&#8221;{}&#8221;][\/et_pb_divider][\/et_pb_column][\/et_pb_row][et_pb_row column_structure=&#8221;1_2,1_2&#8243; _builder_version=&#8221;4.10.7&#8243; _module_preset=&#8221;default&#8221; custom_padding=&#8221;||0px|||&#8221; global_colors_info=&#8221;{}&#8221;][et_pb_column type=&#8221;1_2&#8243; _builder_version=&#8221;4.10.7&#8243; _module_preset=&#8221;default&#8221; global_colors_info=&#8221;{}&#8221;][et_pb_text _builder_version=&#8221;4.10.7&#8243; _module_preset=&#8221;default&#8221; header_font_size=&#8221;64px&#8221; header_2_font=&#8221;Prompt|200|||||||&#8221; header_2_font_size=&#8221;59px&#8221; custom_padding=&#8221;||6px|||&#8221; global_colors_info=&#8221;{}&#8221;]<\/p>\n<h3 style=\"text-align: left;\">Vilafont\u00e9<\/h3>\n<p>[\/et_pb_text][et_pb_text _builder_version=&#8221;4.10.7&#8243; _module_preset=&#8221;default&#8221; custom_margin=&#8221;||2px|||&#8221; global_colors_info=&#8221;{}&#8221;]<\/p>\n<p class=\"u-subtitle u-text u-text-body-alt-color u-text-1\" style=\"text-align: justify;\">From Paarl, Mrs Sophia Hawkins (Brand Ambassdor) will be showing the wines of Vilafont\u00e9.<\/p>\n<p style=\"text-align: justify;\">\u00a0<\/p>\n<p>[\/et_pb_text][\/et_pb_column][et_pb_column type=&#8221;1_2&#8243; _builder_version=&#8221;4.10.7&#8243; _module_preset=&#8221;default&#8221; global_colors_info=&#8221;{}&#8221;][et_pb_image src=&#8221;https:\/\/kapweine.ch\/wp-content\/uploads\/2021\/11\/1-1.jpg&#8221; alt=&#8221;Warwick White Wine of the Year 2022&#8243; title_text=&#8221;Warwick White Wine of the Year 2022&#8243; url=&#8221;https:\/\/shop.kapweine.ch\/warwick-professor-black-sauvignon-blanc-2021&#8243; url_new_window=&#8221;on&#8221; align=&#8221;center&#8221; force_fullwidth=&#8221;on&#8221; _builder_version=&#8221;4.10.7&#8243; _module_preset=&#8221;default&#8221; max_height=&#8221;1000px&#8221; custom_padding=&#8221;||0px|||&#8221; global_colors_info=&#8221;{}&#8221;][\/et_pb_image][\/et_pb_column][\/et_pb_row][et_pb_row _builder_version=&#8221;4.10.7&#8243; _module_preset=&#8221;default&#8221; custom_padding=&#8221;||0px|||&#8221; global_colors_info=&#8221;{}&#8221;][et_pb_column type=&#8221;4_4&#8243; _builder_version=&#8221;4.10.7&#8243; _module_preset=&#8221;default&#8221; global_colors_info=&#8221;{}&#8221;][et_pb_divider color=&#8221;#000000&#8243; divider_position=&#8221;center&#8221; _builder_version=&#8221;4.10.7&#8243; _module_preset=&#8221;default&#8221; background_color=&#8221;RGBA(0,0,0,0)&#8221; custom_padding=&#8221;8px|||||&#8221; global_colors_info=&#8221;{}&#8221;][\/et_pb_divider][\/et_pb_column][\/et_pb_row][\/et_pb_section][et_pb_section fb_built=&#8221;1&#8243; _builder_version=&#8221;4.10.7&#8243; _module_preset=&#8221;default&#8221; min_height=&#8221;660px&#8221; custom_padding=&#8221;1px|||||&#8221; global_colors_info=&#8221;{}&#8221;][et_pb_row module_class=&#8221;rutt-map&#8221; _builder_version=&#8221;4.10.7&#8243; _module_preset=&#8221;default&#8221; global_colors_info=&#8221;{}&#8221;][et_pb_column type=&#8221;4_4&#8243; _builder_version=&#8221;4.10.7&#8243; _module_preset=&#8221;default&#8221; global_colors_info=&#8221;{}&#8221;][et_pb_text _builder_version=&#8221;4.10.7&#8243; _module_preset=&#8221;default&#8221; header_font_size=&#8221;64px&#8221; header_2_font=&#8221;Prompt|200|||||||&#8221; header_2_font_size=&#8221;59px&#8221; global_colors_info=&#8221;{}&#8221;]<\/p>\n<h2>Directions KapWeine<\/h2>\n<h3 style=\"text-align: left;\">whether by car, public transport or on foot<\/h3>\n<p>[\/et_pb_text][et_pb_text _builder_version=&#8221;4.10.7&#8243; _module_preset=&#8221;default&#8221; global_colors_info=&#8221;{}&#8221;]<\/p>\n<p><span>R\u00fctibuelstrasse 17, 8820 W\u00e4denswil<\/span><\/p>\n<p>[\/et_pb_text][et_pb_code _builder_version=&#8221;4.10.7&#8243; _module_preset=&#8221;default&#8221; global_colors_info=&#8221;{}&#8221;]<iframe src=\"https:\/\/www.google.com\/maps\/embed?pb=!1m18!1m12!1m3!1d2708.899402931028!2d8.639249215617733!3d47.23811357916195!2m3!1f0!2f0!3f0!3m2!1i1024!2i768!4f13.1!3m3!1m2!1s0x479aaefe83d55557%3A0x4b3ba27d473cc34f!2zUsO8dGliw7xlbHN0cmFzc2UgMTcsIDg4MjAgV8OkZGVuc3dpbCwg0KjQstC10LnRhtCw0YDRltGP!5e0!3m2!1suk!2sua!4v1636368129991!5m2!1suk!2sua\" width=\"100%\" height=\"450\" style=\"border:0;\" allowfullscreen=\"\" loading=\"lazy\"><\/iframe>[\/et_pb_code][\/et_pb_column][\/et_pb_row][\/et_pb_section]<\/p>\n","protected":false},"excerpt":{"rendered":"<p>10 March 2023 15-20 h &#8211; free wine tasting in W\u00e4denswil, Zurich. Visit us and exchange ideas with renowned producers. <\/p>\n","protected":false},"author":1,"featured_media":21773,"comment_status":"open","ping_status":"open","sticky":false,"template":"","format":"standard","meta":{"_et_pb_use_builder":"on","_et_pb_old_content":"","_et_gb_content_width":"","_links_to":"","_links_to_target":""},"categories":[1],"tags":[3373,241,2473,311,171,485,298,666,1269,1296,569,469,2099,291,345,289,170,1270,292,295,245,3374],"yoast_head":"<!-- This site is optimized with the Yoast SEO plugin v17.1 - https:\/\/yoast.com\/wordpress\/plugins\/seo\/ -->\n<title>Top Producers Meeting - 10 March 2023 - Kapweine<\/title>\n<meta name=\"description\" content=\"10 March 2023 15-20 h - free wine tasting in W\u00e4denswil, Zurich. Visit us and exchange ideas with renowned producers.\" \/>\n<meta name=\"robots\" content=\"index, follow, max-snippet:-1, max-image-preview:large, max-video-preview:-1\" \/>\n<link rel=\"canonical\" href=\"https:\/\/kapweine.ch\/en\/top-producers-meeting-10-march-2023\/\" \/>\n<meta name=\"twitter:label1\" content=\"Written by\" \/>\n\t<meta name=\"twitter:data1\" content=\"kapweine\" \/>\n\t<meta name=\"twitter:label2\" content=\"Est. reading time\" \/>\n\t<meta name=\"twitter:data2\" content=\"6 minutes\" \/>\n<script type=\"application\/ld+json\" class=\"yoast-schema-graph\">{\"@context\":\"https:\/\/schema.org\",\"@graph\":[{\"@type\":\"WebSite\",\"@id\":\"https:\/\/kapweine.ch\/#website\",\"url\":\"https:\/\/kapweine.ch\/\",\"name\":\"Kapweine\",\"description\":\"The Home of South African Wines\",\"publisher\":{\"@id\":\"https:\/\/kapweine.ch\/#\/schema\/person\/7eefcc412830a8352081b5c962b32917\"},\"potentialAction\":[{\"@type\":\"SearchAction\",\"target\":{\"@type\":\"EntryPoint\",\"urlTemplate\":\"https:\/\/kapweine.ch\/?s={search_term_string}\"},\"query-input\":\"required name=search_term_string\"}],\"inLanguage\":\"en-US\"},{\"@type\":\"ImageObject\",\"@id\":\"https:\/\/kapweine.ch\/en\/top-producers-meeting-10-march-2023\/#primaryimage\",\"inLanguage\":\"en-US\",\"url\":\"https:\/\/kapweine.ch\/wp-content\/uploads\/2023\/02\/Top-Produzenten-Treffen.jpg\",\"contentUrl\":\"https:\/\/kapweine.ch\/wp-content\/uploads\/2023\/02\/Top-Produzenten-Treffen.jpg\",\"width\":1020,\"height\":600,\"caption\":\"Top Producers Meeting KapWeine Wine Tasting W\\u00e4denswil Zurich South Africa Wines\"},{\"@type\":\"WebPage\",\"@id\":\"https:\/\/kapweine.ch\/en\/top-producers-meeting-10-march-2023\/#webpage\",\"url\":\"https:\/\/kapweine.ch\/en\/top-producers-meeting-10-march-2023\/\",\"name\":\"Top Producers Meeting - 10 March 2023 - Kapweine\",\"isPartOf\":{\"@id\":\"https:\/\/kapweine.ch\/#website\"},\"primaryImageOfPage\":{\"@id\":\"https:\/\/kapweine.ch\/en\/top-producers-meeting-10-march-2023\/#primaryimage\"},\"datePublished\":\"2023-02-16T16:13:47+00:00\",\"dateModified\":\"2023-03-14T12:13:54+00:00\",\"description\":\"10 March 2023 15-20 h - free wine tasting in W\\u00e4denswil, Zurich. Visit us and exchange ideas with renowned producers.\",\"breadcrumb\":{\"@id\":\"https:\/\/kapweine.ch\/en\/top-producers-meeting-10-march-2023\/#breadcrumb\"},\"inLanguage\":\"en-US\",\"potentialAction\":[{\"@type\":\"ReadAction\",\"target\":[\"https:\/\/kapweine.ch\/en\/top-producers-meeting-10-march-2023\/\"]}]},{\"@type\":\"BreadcrumbList\",\"@id\":\"https:\/\/kapweine.ch\/en\/top-producers-meeting-10-march-2023\/#breadcrumb\",\"itemListElement\":[{\"@type\":\"ListItem\",\"position\":1,\"name\":\"Home\",\"item\":\"https:\/\/kapweine.ch\/\"},{\"@type\":\"ListItem\",\"position\":2,\"name\":\"Top Producers Meeting &#8211; 10 March 2023\"}]},{\"@type\":\"Article\",\"@id\":\"https:\/\/kapweine.ch\/en\/top-producers-meeting-10-march-2023\/#article\",\"isPartOf\":{\"@id\":\"https:\/\/kapweine.ch\/en\/top-producers-meeting-10-march-2023\/#webpage\"},\"author\":{\"@id\":\"https:\/\/kapweine.ch\/#\/schema\/person\/7eefcc412830a8352081b5c962b32917\"},\"headline\":\"Top Producers Meeting &#8211; 10 March 2023\",\"datePublished\":\"2023-02-16T16:13:47+00:00\",\"dateModified\":\"2023-03-14T12:13:54+00:00\",\"mainEntityOfPage\":{\"@id\":\"https:\/\/kapweine.ch\/en\/top-producers-meeting-10-march-2023\/#webpage\"},\"wordCount\":1261,\"commentCount\":0,\"publisher\":{\"@id\":\"https:\/\/kapweine.ch\/#\/schema\/person\/7eefcc412830a8352081b5c962b32917\"},\"image\":{\"@id\":\"https:\/\/kapweine.ch\/en\/top-producers-meeting-10-march-2023\/#primaryimage\"},\"thumbnailUrl\":\"https:\/\/kapweine.ch\/wp-content\/uploads\/2023\/02\/Top-Produzenten-Treffen.jpg\",\"keywords\":[\"Boukenhoutskloof\",\"Chocolate Block\",\"Columella\",\"Constantia Glen\",\"Event\",\"Glenelly\",\"Kapweine\",\"Le Riche\",\"Porseleinberg\",\"Rall\",\"rotwine\",\"Rust en Vrede\",\"Sadie Family\",\"South Africa\",\"South Africa Wine\",\"South Africa wine\",\"Tasting\",\"Vilafonte\",\"Warwick\",\"white wine\",\"Wine tasting\",\"Wine tasting Zurich\"],\"inLanguage\":\"en-US\",\"potentialAction\":[{\"@type\":\"CommentAction\",\"name\":\"Comment\",\"target\":[\"https:\/\/kapweine.ch\/en\/top-producers-meeting-10-march-2023\/#respond\"]}]},{\"@type\":[\"Person\",\"Organization\"],\"@id\":\"https:\/\/kapweine.ch\/#\/schema\/person\/7eefcc412830a8352081b5c962b32917\",\"name\":\"kapweine\",\"image\":{\"@type\":\"ImageObject\",\"@id\":\"https:\/\/kapweine.ch\/#personlogo\",\"inLanguage\":\"en-US\",\"url\":\"https:\/\/secure.gravatar.com\/avatar\/cca08b19179943facd711814c8953849?s=96&d=blank&r=g\",\"contentUrl\":\"https:\/\/secure.gravatar.com\/avatar\/cca08b19179943facd711814c8953849?s=96&d=blank&r=g\",\"caption\":\"kapweine\"},\"logo\":{\"@id\":\"https:\/\/kapweine.ch\/#personlogo\"},\"sameAs\":[\"https:\/\/kapweine.ch\"]}]}<\/script>\n<!-- \/ Yoast SEO plugin. -->","yoast_head_json":{"title":"Top Producers Meeting - 10 March 2023 - Kapweine","description":"10 March 2023 15-20 h - free wine tasting in W\u00e4denswil, Zurich. Visit us and exchange ideas with renowned producers.","robots":{"index":"index","follow":"follow","max-snippet":"max-snippet:-1","max-image-preview":"max-image-preview:large","max-video-preview":"max-video-preview:-1"},"canonical":"https:\/\/kapweine.ch\/en\/top-producers-meeting-10-march-2023\/","twitter_misc":{"Written by":"kapweine","Est. reading time":"6 minutes"},"schema":{"@context":"https:\/\/schema.org","@graph":[{"@type":"WebSite","@id":"https:\/\/kapweine.ch\/#website","url":"https:\/\/kapweine.ch\/","name":"Kapweine","description":"The Home of South African Wines","publisher":{"@id":"https:\/\/kapweine.ch\/#\/schema\/person\/7eefcc412830a8352081b5c962b32917"},"potentialAction":[{"@type":"SearchAction","target":{"@type":"EntryPoint","urlTemplate":"https:\/\/kapweine.ch\/?s={search_term_string}"},"query-input":"required name=search_term_string"}],"inLanguage":"en-US"},{"@type":"ImageObject","@id":"https:\/\/kapweine.ch\/en\/top-producers-meeting-10-march-2023\/#primaryimage","inLanguage":"en-US","url":"https:\/\/kapweine.ch\/wp-content\/uploads\/2023\/02\/Top-Produzenten-Treffen.jpg","contentUrl":"https:\/\/kapweine.ch\/wp-content\/uploads\/2023\/02\/Top-Produzenten-Treffen.jpg","width":1020,"height":600,"caption":"Top Producers Meeting KapWeine Wine Tasting W\u00e4denswil Zurich South Africa Wines"},{"@type":"WebPage","@id":"https:\/\/kapweine.ch\/en\/top-producers-meeting-10-march-2023\/#webpage","url":"https:\/\/kapweine.ch\/en\/top-producers-meeting-10-march-2023\/","name":"Top Producers Meeting - 10 March 2023 - Kapweine","isPartOf":{"@id":"https:\/\/kapweine.ch\/#website"},"primaryImageOfPage":{"@id":"https:\/\/kapweine.ch\/en\/top-producers-meeting-10-march-2023\/#primaryimage"},"datePublished":"2023-02-16T16:13:47+00:00","dateModified":"2023-03-14T12:13:54+00:00","description":"10 March 2023 15-20 h - free wine tasting in W\u00e4denswil, Zurich. Visit us and exchange ideas with renowned producers.","breadcrumb":{"@id":"https:\/\/kapweine.ch\/en\/top-producers-meeting-10-march-2023\/#breadcrumb"},"inLanguage":"en-US","potentialAction":[{"@type":"ReadAction","target":["https:\/\/kapweine.ch\/en\/top-producers-meeting-10-march-2023\/"]}]},{"@type":"BreadcrumbList","@id":"https:\/\/kapweine.ch\/en\/top-producers-meeting-10-march-2023\/#breadcrumb","itemListElement":[{"@type":"ListItem","position":1,"name":"Home","item":"https:\/\/kapweine.ch\/"},{"@type":"ListItem","position":2,"name":"Top Producers Meeting &#8211; 10 March 2023"}]},{"@type":"Article","@id":"https:\/\/kapweine.ch\/en\/top-producers-meeting-10-march-2023\/#article","isPartOf":{"@id":"https:\/\/kapweine.ch\/en\/top-producers-meeting-10-march-2023\/#webpage"},"author":{"@id":"https:\/\/kapweine.ch\/#\/schema\/person\/7eefcc412830a8352081b5c962b32917"},"headline":"Top Producers Meeting &#8211; 10 March 2023","datePublished":"2023-02-16T16:13:47+00:00","dateModified":"2023-03-14T12:13:54+00:00","mainEntityOfPage":{"@id":"https:\/\/kapweine.ch\/en\/top-producers-meeting-10-march-2023\/#webpage"},"wordCount":1261,"commentCount":0,"publisher":{"@id":"https:\/\/kapweine.ch\/#\/schema\/person\/7eefcc412830a8352081b5c962b32917"},"image":{"@id":"https:\/\/kapweine.ch\/en\/top-producers-meeting-10-march-2023\/#primaryimage"},"thumbnailUrl":"https:\/\/kapweine.ch\/wp-content\/uploads\/2023\/02\/Top-Produzenten-Treffen.jpg","keywords":["Boukenhoutskloof","Chocolate Block","Columella","Constantia Glen","Event","Glenelly","Kapweine","Le Riche","Porseleinberg","Rall","rotwine","Rust en Vrede","Sadie Family","South Africa","South Africa Wine","South Africa wine","Tasting","Vilafonte","Warwick","white wine","Wine tasting","Wine tasting Zurich"],"inLanguage":"en-US","potentialAction":[{"@type":"CommentAction","name":"Comment","target":["https:\/\/kapweine.ch\/en\/top-producers-meeting-10-march-2023\/#respond"]}]},{"@type":["Person","Organization"],"@id":"https:\/\/kapweine.ch\/#\/schema\/person\/7eefcc412830a8352081b5c962b32917","name":"kapweine","image":{"@type":"ImageObject","@id":"https:\/\/kapweine.ch\/#personlogo","inLanguage":"en-US","url":"https:\/\/secure.gravatar.com\/avatar\/cca08b19179943facd711814c8953849?s=96&d=blank&r=g","contentUrl":"https:\/\/secure.gravatar.com\/avatar\/cca08b19179943facd711814c8953849?s=96&d=blank&r=g","caption":"kapweine"},"logo":{"@id":"https:\/\/kapweine.ch\/#personlogo"},"sameAs":["https:\/\/kapweine.ch"]}]}},"_links":{"self":[{"href":"https:\/\/kapweine.ch\/en\/wp-json\/wp\/v2\/posts\/21797"}],"collection":[{"href":"https:\/\/kapweine.ch\/en\/wp-json\/wp\/v2\/posts"}],"about":[{"href":"https:\/\/kapweine.ch\/en\/wp-json\/wp\/v2\/types\/post"}],"author":[{"embeddable":true,"href":"https:\/\/kapweine.ch\/en\/wp-json\/wp\/v2\/users\/1"}],"replies":[{"embeddable":true,"href":"https:\/\/kapweine.ch\/en\/wp-json\/wp\/v2\/comments?post=21797"}],"version-history":[{"count":7,"href":"https:\/\/kapweine.ch\/en\/wp-json\/wp\/v2\/posts\/21797\/revisions"}],"predecessor-version":[{"id":22205,"href":"https:\/\/kapweine.ch\/en\/wp-json\/wp\/v2\/posts\/21797\/revisions\/22205"}],"wp:featuredmedia":[{"embeddable":true,"href":"https:\/\/kapweine.ch\/en\/wp-json\/wp\/v2\/media\/21773"}],"wp:attachment":[{"href":"https:\/\/kapweine.ch\/en\/wp-json\/wp\/v2\/media?parent=21797"}],"wp:term":[{"taxonomy":"category","embeddable":true,"href":"https:\/\/kapweine.ch\/en\/wp-json\/wp\/v2\/categories?post=21797"},{"taxonomy":"post_tag","embeddable":true,"href":"https:\/\/kapweine.ch\/en\/wp-json\/wp\/v2\/tags?post=21797"}],"curies":[{"name":"wp","href":"https:\/\/api.w.org\/{rel}","templated":true}]}}