{"id":2670,"date":"2021-11-25T06:58:00","date_gmt":"2021-11-25T03:58:00","guid":{"rendered":"https:\/\/kapweine.ch\/?p=2670"},"modified":"2024-03-22T16:21:30","modified_gmt":"2024-03-22T14:21:30","slug":"mullineux-family-wines","status":"publish","type":"post","link":"https:\/\/kapweine.ch\/en\/mullineux-family-wines\/","title":{"rendered":"Mullineux Family Wines"},"content":{"rendered":"<p>[et_pb_section fb_built=&#8221;1&#8243; _builder_version=&#8221;4.10.7&#8243; _module_preset=&#8221;default&#8221; custom_margin=&#8221;||||false&#8221; custom_padding=&#8221;0px||0px||true|false&#8221; global_colors_info=&#8221;{}&#8221;][et_pb_row _builder_version=&#8221;4.10.7&#8243; _module_preset=&#8221;default&#8221; global_colors_info=&#8221;{}&#8221;][et_pb_column type=&#8221;4_4&#8243; _builder_version=&#8221;4.10.7&#8243; _module_preset=&#8221;default&#8221; global_colors_info=&#8221;{}&#8221;][et_pb_text module_class=&#8221;post-big-table&#8221; _builder_version=&#8221;4.10.7&#8243; _module_preset=&#8221;default&#8221; global_colors_info=&#8221;{}&#8221;]<\/p>\n<p>&nbsp;<\/p>\n<table border=\"1\" style=\"border-collapse: collapse; width: 100%; height: 217px;\">\n<tbody>\n<tr style=\"height: 24px;\">\n<td style=\"width: 25%; height: 24px; text-align: right;\"><span style=\"color: #000000;\"><strong>Weingebiet:<\/strong><\/span><\/td>\n<td style=\"width: 27.9381%; height: 24px;\"><span style=\"color: #000000;\">Swartland<\/span><\/td>\n<td style=\"width: 22.0619%; height: 24px; text-align: right;\"><\/td>\n<td style=\"width: 25%; height: 24px;\"><\/td>\n<\/tr>\n<tr style=\"height: 24px;\">\n<td style=\"width: 25%; height: 25px; text-align: right;\"><span style=\"color: #000000;\"><strong>Gr\u00fcndung:\u00a0<\/strong><\/span><\/td>\n<td style=\"width: 27.9381%; height: 25px;\"><span style=\"color: #000000;\">2007<\/span><\/td>\n<td style=\"width: 22.0619%; height: 25px; text-align: right;\"><span style=\"color: #000000;\"><strong>Gr\u00f6sse:<\/strong><\/span><\/td>\n<td style=\"width: 25%; height: 25px;\"><span style=\"color: #000000;\">38 ha<\/span><\/td>\n<\/tr>\n<tr style=\"height: 24px;\">\n<td style=\"width: 25%; height: 24px; text-align: right;\"><span style=\"color: #000000;\"><strong>Produktion seit:<\/strong><\/span><\/td>\n<td style=\"width: 27.9381%; height: 24px;\"><span style=\"color: #000000;\">2008<\/span><\/td>\n<td style=\"width: 22.0619%; height: 24px; text-align: right;\"><span style=\"color: #000000;\"><strong>Menge:<\/strong><\/span><\/td>\n<td style=\"width: 25%; height: 24px;\"><span style=\"color: #000000;\">160 Tonnen<\/span><\/td>\n<\/tr>\n<tr style=\"height: 24px;\">\n<td style=\"width: 25%; height: 24px; text-align: right;\"><span style=\"color: #000000;\"><strong>Weinmacher:<\/strong><\/span><\/td>\n<td style=\"width: 27.9381%; height: 24px;\"><span style=\"color: #000000;\">Chris und Andrea Mullineux seit 2007<\/span><\/td>\n<td style=\"width: 22.0619%; height: 24px; text-align: right;\"><span style=\"color: #000000;\"><strong>Flaschen:<\/strong><\/span><\/td>\n<td class=\"text\" style=\"width: 25%;\"><span style=\"color: #000000;\">100 000<\/span><\/td>\n<\/tr>\n<tr style=\"height: 24px;\">\n<td style=\"width: 25%; height: 24px; text-align: right;\"><span style=\"color: #000000;\"><strong>Verh\u00e4ltnis weiss\/rot:<\/strong><\/span><\/td>\n<td class=\"artikel1\" style=\"width: 27.9381%;\"><span style=\"color: #000000;\">42% \/ 58%<\/span><\/td>\n<td style=\"width: 22.0619%; height: 24px; text-align: right;\"><\/td>\n<td style=\"width: 25%; height: 24px;\"><\/td>\n<\/tr>\n<tr style=\"height: 24px;\">\n<td style=\"width: 25%; height: 24px; text-align: right;\"><span style=\"color: #000000;\"><strong>Aufteilung Traubensorten:<\/strong><\/span><\/td>\n<td class=\"text\" style=\"width: 27.9381%;\"><span style=\"color: #000000;\">58% rot \/40% weiss \/ 2% s\u00fcss<\/span><\/td>\n<td style=\"width: 22.0619%; height: 24px; text-align: right;\"><\/td>\n<td style=\"width: 25%; height: 24px;\"><\/td>\n<\/tr>\n<tr style=\"height: 72px;\">\n<td style=\"width: 25%; height: 72px; text-align: right;\"><span style=\"color: #000000;\"><strong>Degustationszeiten:<\/strong><\/span><\/td>\n<td style=\"width: 27.9381%; height: 72px;\"><span style=\"color: #000000;\">Montag &#8211; Sonntag 10 &#8211; 17<br \/>+27 21 492 2455<br \/>info@mlfwines.com<\/span><\/td>\n<td style=\"width: 22.0619%; height: 72px; text-align: right;\"><span style=\"color: #000000;\"><strong>Link:<\/strong><\/span><\/td>\n<td style=\"width: 25%; height: 72px;\"><span style=\"color: #000000;\"><a href=\"http:\/\/www.mullineuxwines.com\/\" target=\"_blank\" rel=\"noopener\" style=\"color: #000000;\">www.mullineuxwines.com<\/a><\/span><\/td>\n<\/tr>\n<\/tbody>\n<\/table>\n<p>[\/et_pb_text][\/et_pb_column][\/et_pb_row][et_pb_row _builder_version=&#8221;4.10.7&#8243; _module_preset=&#8221;default&#8221; custom_padding=&#8221;0px||0px||true|false&#8221; global_colors_info=&#8221;{}&#8221;][et_pb_column type=&#8221;4_4&#8243; _builder_version=&#8221;4.10.7&#8243; _module_preset=&#8221;default&#8221; global_colors_info=&#8221;{}&#8221;][et_pb_button button_url=&#8221;https:\/\/shop.kapweine.ch\/mullineux&#8221; url_new_window=&#8221;on&#8221; button_text=&#8221;Zu den Weinen von Mullineux&#8221; button_alignment=&#8221;center&#8221; _builder_version=&#8221;4.10.7&#8243; _module_preset=&#8221;default&#8221; custom_button=&#8221;on&#8221; button_text_color=&#8221;#7f7f7f&#8221; button_border_color=&#8221;#7f7f7f&#8221; button_use_icon=&#8221;off&#8221; custom_padding=&#8221;||2px|||&#8221; custom_css_main_element=&#8221;width: 100%;&#8221; global_colors_info=&#8221;{}&#8221; button_text_color__hover_enabled=&#8221;on|hover&#8221; button_text_color__hover=&#8221;#FFFFFF&#8221; button_bg_color__hover_enabled=&#8221;on|hover&#8221; button_bg_color__hover=&#8221;#7f7f7f&#8221; button_bg_enable_color__hover=&#8221;on&#8221;][\/et_pb_button][\/et_pb_column][\/et_pb_row][et_pb_row column_structure=&#8221;1_2,1_2&#8243; _builder_version=&#8221;4.10.7&#8243; _module_preset=&#8221;default&#8221; global_colors_info=&#8221;{}&#8221;][et_pb_column type=&#8221;1_2&#8243; _builder_version=&#8221;4.10.7&#8243; _module_preset=&#8221;default&#8221; global_colors_info=&#8221;{}&#8221;][et_pb_image src=&#8221;https:\/\/kapweine.ch\/wp-content\/uploads\/2021\/11\/12187927_10153343069159790_2248638342655052698_n-1.jpg&#8221; title_text=&#8221;12187927_10153343069159790_2248638342655052698_n (1)&#8221; _builder_version=&#8221;4.10.7&#8243; _module_preset=&#8221;default&#8221; global_colors_info=&#8221;{}&#8221;][\/et_pb_image][\/et_pb_column][et_pb_column type=&#8221;1_2&#8243; _builder_version=&#8221;4.10.7&#8243; _module_preset=&#8221;default&#8221; global_colors_info=&#8221;{}&#8221;][et_pb_image src=&#8221;https:\/\/kapweine.ch\/wp-content\/uploads\/2021\/11\/buttles-9.jpg&#8221; title_text=&#8221;buttles&#8221; _builder_version=&#8221;4.10.7&#8243; _module_preset=&#8221;default&#8221; global_colors_info=&#8221;{}&#8221;][\/et_pb_image][\/et_pb_column][\/et_pb_row][et_pb_row _builder_version=&#8221;4.10.7&#8243; _module_preset=&#8221;default&#8221; global_colors_info=&#8221;{}&#8221;][et_pb_column type=&#8221;4_4&#8243; _builder_version=&#8221;4.10.7&#8243; _module_preset=&#8221;default&#8221; global_colors_info=&#8221;{}&#8221;][et_pb_text _builder_version=&#8221;4.10.7&#8243; _module_preset=&#8221;default&#8221; custom_margin=&#8221;0px||0px||true|false&#8221; custom_padding=&#8221;||||false&#8221; global_colors_info=&#8221;{}&#8221;]<\/p>\n<p><strong><span style=\"color: #000000;\">Farm<\/span><\/strong><\/p>\n<p>[\/et_pb_text][et_pb_text _builder_version=&#8221;4.10.7&#8243; _module_preset=&#8221;default&#8221; hover_enabled=&#8221;0&#8243; global_colors_info=&#8221;{}&#8221; sticky_enabled=&#8221;0&#8243;]<\/p>\n<p style=\"text-align: justify;\"><span>Die eigene Winery wurde in Riebeek_Kasteel im Gebiet Swartland im Jahre 2010 fertigestellt. Chris und Andrea Mullineux sind seit der Gr\u00fcndung 2007 bei diesem Boutique Produzenten alles in einer, oder besser zwei Personen: Inhaber, Viticulturists und Weinmacher. Alles was Sie bei TMV im Swartland gelernt haben, wird nun in der eigenen Winery umgesetzt. Das Swartland bildet f\u00fcr die beiden und Ihre Mullineux Family Wines die beste Grundlage f\u00fcr Spitzenweine in S\u00fcdafrika.<\/span><\/p>\n<p>[\/et_pb_text][et_pb_text _builder_version=&#8221;4.10.7&#8243; _module_preset=&#8221;default&#8221; custom_margin=&#8221;0px||0px||true|false&#8221; global_colors_info=&#8221;{}&#8221;]<\/p>\n<p><strong><span style=\"color: #000000;\">Winemaker<\/span><\/strong><\/p>\n<p>[\/et_pb_text][et_pb_text _builder_version=&#8221;4.10.7&#8243; _module_preset=&#8221;default&#8221; hover_enabled=&#8221;0&#8243; global_colors_info=&#8221;{}&#8221; sticky_enabled=&#8221;0&#8243;]<\/p>\n<p style=\"text-align: justify;\"><span>Chris f\u00fchrte bis 2007 w\u00e4hrend 5 Jahren bei Tulbagh Mountain Winery deren Weine an die Spitze. Andrea, welche aus Californien stammt war dort seine Kellerassistentin, nun bilden Sie als Ehepaar das perfekte Team.<\/span><\/p>\n<p>[\/et_pb_text][et_pb_text _builder_version=&#8221;4.10.7&#8243; _module_preset=&#8221;default&#8221; custom_margin=&#8221;0px||0px||true|false&#8221; global_colors_info=&#8221;{}&#8221;]<\/p>\n<p><strong><span style=\"color: #000000;\">Weinstilistik<\/span><\/strong><\/p>\n<p>[\/et_pb_text][et_pb_text _builder_version=&#8221;4.10.7&#8243; _module_preset=&#8221;default&#8221; custom_padding=&#8221;||0px|||&#8221; global_colors_info=&#8221;{}&#8221;]<\/p>\n<p style=\"text-align: justify;\"><span>Auf diesem Weingut heisst es &#8220;hands on&#8221;. Alles wird mit minizu\u00f6ser Perfektion angepackt. Kein Wunder sind die Weine von Chris und Andrea alles Kunstst\u00fccke.<\/span><\/p>\n<p>[\/et_pb_text][\/et_pb_column][\/et_pb_row][et_pb_row column_structure=&#8221;1_2,1_2&#8243; _builder_version=&#8221;4.10.7&#8243; _module_preset=&#8221;default&#8221; global_colors_info=&#8221;{}&#8221;][et_pb_column type=&#8221;1_2&#8243; _builder_version=&#8221;4.10.7&#8243; _module_preset=&#8221;default&#8221; global_colors_info=&#8221;{}&#8221;][et_pb_image src=&#8221;https:\/\/kapweine.ch\/wp-content\/uploads\/2021\/11\/151345190_10158412561029790_982874356704899521_n-1.jpg&#8221; title_text=&#8221;151345190_10158412561029790_982874356704899521_n (1)&#8221; _builder_version=&#8221;4.10.7&#8243; _module_preset=&#8221;default&#8221; global_colors_info=&#8221;{}&#8221;][\/et_pb_image][\/et_pb_column][et_pb_column type=&#8221;1_2&#8243; _builder_version=&#8221;4.10.7&#8243; _module_preset=&#8221;default&#8221; global_colors_info=&#8221;{}&#8221;][et_pb_image src=&#8221;https:\/\/kapweine.ch\/wp-content\/uploads\/2021\/11\/122175594_10158104888529790_2403154172408395421_n-1.jpg&#8221; title_text=&#8221;122175594_10158104888529790_2403154172408395421_n (1)&#8221; _builder_version=&#8221;4.10.7&#8243; _module_preset=&#8221;default&#8221; global_colors_info=&#8221;{}&#8221;][\/et_pb_image][\/et_pb_column][\/et_pb_row][\/et_pb_section]<\/p>\n","protected":false},"excerpt":{"rendered":"<p>Mullineux Family Wines<\/p>\n","protected":false},"author":1,"featured_media":5834,"comment_status":"open","ping_status":"open","sticky":false,"template":"","format":"standard","meta":{"_et_pb_use_builder":"on","_et_pb_old_content":"","_et_gb_content_width":"","_links_to":"","_links_to_target":""},"categories":[219],"tags":[],"yoast_head":"<!-- This site is optimized with the Yoast SEO plugin v17.1 - https:\/\/yoast.com\/wordpress\/plugins\/seo\/ -->\n<title>Mullineux Family Wines - Kapweine<\/title>\n<meta name=\"robots\" content=\"index, follow, max-snippet:-1, max-image-preview:large, max-video-preview:-1\" \/>\n<link rel=\"canonical\" href=\"https:\/\/kapweine.ch\/en\/mullineux-family-wines\/\" \/>\n<meta name=\"twitter:label1\" content=\"Written by\" \/>\n\t<meta name=\"twitter:data1\" content=\"kapweine\" \/>\n\t<meta name=\"twitter:label2\" content=\"Est. reading time\" \/>\n\t<meta name=\"twitter:data2\" content=\"2 minutes\" \/>\n<script type=\"application\/ld+json\" class=\"yoast-schema-graph\">{\"@context\":\"https:\/\/schema.org\",\"@graph\":[{\"@type\":\"WebSite\",\"@id\":\"https:\/\/kapweine.ch\/#website\",\"url\":\"https:\/\/kapweine.ch\/\",\"name\":\"Kapweine\",\"description\":\"The Home of South African Wines\",\"publisher\":{\"@id\":\"https:\/\/kapweine.ch\/#\/schema\/person\/7eefcc412830a8352081b5c962b32917\"},\"potentialAction\":[{\"@type\":\"SearchAction\",\"target\":{\"@type\":\"EntryPoint\",\"urlTemplate\":\"https:\/\/kapweine.ch\/?s={search_term_string}\"},\"query-input\":\"required name=search_term_string\"}],\"inLanguage\":\"en-US\"},{\"@type\":\"ImageObject\",\"@id\":\"https:\/\/kapweine.ch\/mullineux-family-wines\/#primaryimage\",\"inLanguage\":\"en-US\",\"url\":\"https:\/\/kapweine.ch\/wp-content\/uploads\/2021\/11\/The-Wine-Studio_04-1.jpg\",\"contentUrl\":\"https:\/\/kapweine.ch\/wp-content\/uploads\/2021\/11\/The-Wine-Studio_04-1.jpg\",\"width\":1400,\"height\":700},{\"@type\":\"WebPage\",\"@id\":\"https:\/\/kapweine.ch\/mullineux-family-wines\/#webpage\",\"url\":\"https:\/\/kapweine.ch\/mullineux-family-wines\/\",\"name\":\"Mullineux Family Wines - Kapweine\",\"isPartOf\":{\"@id\":\"https:\/\/kapweine.ch\/#website\"},\"primaryImageOfPage\":{\"@id\":\"https:\/\/kapweine.ch\/mullineux-family-wines\/#primaryimage\"},\"datePublished\":\"2021-11-25T03:58:00+00:00\",\"dateModified\":\"2024-03-22T14:21:30+00:00\",\"breadcrumb\":{\"@id\":\"https:\/\/kapweine.ch\/mullineux-family-wines\/#breadcrumb\"},\"inLanguage\":\"en-US\",\"potentialAction\":[{\"@type\":\"ReadAction\",\"target\":[\"https:\/\/kapweine.ch\/mullineux-family-wines\/\"]}]},{\"@type\":\"BreadcrumbList\",\"@id\":\"https:\/\/kapweine.ch\/mullineux-family-wines\/#breadcrumb\",\"itemListElement\":[{\"@type\":\"ListItem\",\"position\":1,\"name\":\"Home\",\"item\":\"https:\/\/kapweine.ch\/\"},{\"@type\":\"ListItem\",\"position\":2,\"name\":\"Mullineux Family Wines\"}]},{\"@type\":\"Article\",\"@id\":\"https:\/\/kapweine.ch\/mullineux-family-wines\/#article\",\"isPartOf\":{\"@id\":\"https:\/\/kapweine.ch\/mullineux-family-wines\/#webpage\"},\"author\":{\"@id\":\"https:\/\/kapweine.ch\/#\/schema\/person\/7eefcc412830a8352081b5c962b32917\"},\"headline\":\"Mullineux Family Wines\",\"datePublished\":\"2021-11-25T03:58:00+00:00\",\"dateModified\":\"2024-03-22T14:21:30+00:00\",\"mainEntityOfPage\":{\"@id\":\"https:\/\/kapweine.ch\/mullineux-family-wines\/#webpage\"},\"wordCount\":717,\"commentCount\":0,\"publisher\":{\"@id\":\"https:\/\/kapweine.ch\/#\/schema\/person\/7eefcc412830a8352081b5c962b32917\"},\"image\":{\"@id\":\"https:\/\/kapweine.ch\/mullineux-family-wines\/#primaryimage\"},\"thumbnailUrl\":\"https:\/\/kapweine.ch\/wp-content\/uploads\/2021\/11\/The-Wine-Studio_04-1.jpg\",\"articleSection\":[\"Wineries\"],\"inLanguage\":\"en-US\",\"potentialAction\":[{\"@type\":\"CommentAction\",\"name\":\"Comment\",\"target\":[\"https:\/\/kapweine.ch\/mullineux-family-wines\/#respond\"]}]},{\"@type\":[\"Person\",\"Organization\"],\"@id\":\"https:\/\/kapweine.ch\/#\/schema\/person\/7eefcc412830a8352081b5c962b32917\",\"name\":\"kapweine\",\"image\":{\"@type\":\"ImageObject\",\"@id\":\"https:\/\/kapweine.ch\/#personlogo\",\"inLanguage\":\"en-US\",\"url\":\"https:\/\/secure.gravatar.com\/avatar\/cca08b19179943facd711814c8953849?s=96&d=blank&r=g\",\"contentUrl\":\"https:\/\/secure.gravatar.com\/avatar\/cca08b19179943facd711814c8953849?s=96&d=blank&r=g\",\"caption\":\"kapweine\"},\"logo\":{\"@id\":\"https:\/\/kapweine.ch\/#personlogo\"},\"sameAs\":[\"https:\/\/kapweine.ch\"]}]}<\/script>\n<!-- \/ Yoast SEO plugin. -->","yoast_head_json":{"title":"Mullineux Family Wines - Kapweine","robots":{"index":"index","follow":"follow","max-snippet":"max-snippet:-1","max-image-preview":"max-image-preview:large","max-video-preview":"max-video-preview:-1"},"canonical":"https:\/\/kapweine.ch\/en\/mullineux-family-wines\/","twitter_misc":{"Written by":"kapweine","Est. reading time":"2 minutes"},"schema":{"@context":"https:\/\/schema.org","@graph":[{"@type":"WebSite","@id":"https:\/\/kapweine.ch\/#website","url":"https:\/\/kapweine.ch\/","name":"Kapweine","description":"The Home of South African Wines","publisher":{"@id":"https:\/\/kapweine.ch\/#\/schema\/person\/7eefcc412830a8352081b5c962b32917"},"potentialAction":[{"@type":"SearchAction","target":{"@type":"EntryPoint","urlTemplate":"https:\/\/kapweine.ch\/?s={search_term_string}"},"query-input":"required name=search_term_string"}],"inLanguage":"en-US"},{"@type":"ImageObject","@id":"https:\/\/kapweine.ch\/mullineux-family-wines\/#primaryimage","inLanguage":"en-US","url":"https:\/\/kapweine.ch\/wp-content\/uploads\/2021\/11\/The-Wine-Studio_04-1.jpg","contentUrl":"https:\/\/kapweine.ch\/wp-content\/uploads\/2021\/11\/The-Wine-Studio_04-1.jpg","width":1400,"height":700},{"@type":"WebPage","@id":"https:\/\/kapweine.ch\/mullineux-family-wines\/#webpage","url":"https:\/\/kapweine.ch\/mullineux-family-wines\/","name":"Mullineux Family Wines - Kapweine","isPartOf":{"@id":"https:\/\/kapweine.ch\/#website"},"primaryImageOfPage":{"@id":"https:\/\/kapweine.ch\/mullineux-family-wines\/#primaryimage"},"datePublished":"2021-11-25T03:58:00+00:00","dateModified":"2024-03-22T14:21:30+00:00","breadcrumb":{"@id":"https:\/\/kapweine.ch\/mullineux-family-wines\/#breadcrumb"},"inLanguage":"en-US","potentialAction":[{"@type":"ReadAction","target":["https:\/\/kapweine.ch\/mullineux-family-wines\/"]}]},{"@type":"BreadcrumbList","@id":"https:\/\/kapweine.ch\/mullineux-family-wines\/#breadcrumb","itemListElement":[{"@type":"ListItem","position":1,"name":"Home","item":"https:\/\/kapweine.ch\/"},{"@type":"ListItem","position":2,"name":"Mullineux Family Wines"}]},{"@type":"Article","@id":"https:\/\/kapweine.ch\/mullineux-family-wines\/#article","isPartOf":{"@id":"https:\/\/kapweine.ch\/mullineux-family-wines\/#webpage"},"author":{"@id":"https:\/\/kapweine.ch\/#\/schema\/person\/7eefcc412830a8352081b5c962b32917"},"headline":"Mullineux Family Wines","datePublished":"2021-11-25T03:58:00+00:00","dateModified":"2024-03-22T14:21:30+00:00","mainEntityOfPage":{"@id":"https:\/\/kapweine.ch\/mullineux-family-wines\/#webpage"},"wordCount":717,"commentCount":0,"publisher":{"@id":"https:\/\/kapweine.ch\/#\/schema\/person\/7eefcc412830a8352081b5c962b32917"},"image":{"@id":"https:\/\/kapweine.ch\/mullineux-family-wines\/#primaryimage"},"thumbnailUrl":"https:\/\/kapweine.ch\/wp-content\/uploads\/2021\/11\/The-Wine-Studio_04-1.jpg","articleSection":["Wineries"],"inLanguage":"en-US","potentialAction":[{"@type":"CommentAction","name":"Comment","target":["https:\/\/kapweine.ch\/mullineux-family-wines\/#respond"]}]},{"@type":["Person","Organization"],"@id":"https:\/\/kapweine.ch\/#\/schema\/person\/7eefcc412830a8352081b5c962b32917","name":"kapweine","image":{"@type":"ImageObject","@id":"https:\/\/kapweine.ch\/#personlogo","inLanguage":"en-US","url":"https:\/\/secure.gravatar.com\/avatar\/cca08b19179943facd711814c8953849?s=96&d=blank&r=g","contentUrl":"https:\/\/secure.gravatar.com\/avatar\/cca08b19179943facd711814c8953849?s=96&d=blank&r=g","caption":"kapweine"},"logo":{"@id":"https:\/\/kapweine.ch\/#personlogo"},"sameAs":["https:\/\/kapweine.ch"]}]}},"_links":{"self":[{"href":"https:\/\/kapweine.ch\/en\/wp-json\/wp\/v2\/posts\/2670"}],"collection":[{"href":"https:\/\/kapweine.ch\/en\/wp-json\/wp\/v2\/posts"}],"about":[{"href":"https:\/\/kapweine.ch\/en\/wp-json\/wp\/v2\/types\/post"}],"author":[{"embeddable":true,"href":"https:\/\/kapweine.ch\/en\/wp-json\/wp\/v2\/users\/1"}],"replies":[{"embeddable":true,"href":"https:\/\/kapweine.ch\/en\/wp-json\/wp\/v2\/comments?post=2670"}],"version-history":[{"count":17,"href":"https:\/\/kapweine.ch\/en\/wp-json\/wp\/v2\/posts\/2670\/revisions"}],"predecessor-version":[{"id":29205,"href":"https:\/\/kapweine.ch\/en\/wp-json\/wp\/v2\/posts\/2670\/revisions\/29205"}],"wp:featuredmedia":[{"embeddable":true,"href":"https:\/\/kapweine.ch\/en\/wp-json\/wp\/v2\/media\/5834"}],"wp:attachment":[{"href":"https:\/\/kapweine.ch\/en\/wp-json\/wp\/v2\/media?parent=2670"}],"wp:term":[{"taxonomy":"category","embeddable":true,"href":"https:\/\/kapweine.ch\/en\/wp-json\/wp\/v2\/categories?post=2670"},{"taxonomy":"post_tag","embeddable":true,"href":"https:\/\/kapweine.ch\/en\/wp-json\/wp\/v2\/tags?post=2670"}],"curies":[{"name":"wp","href":"https:\/\/api.w.org\/{rel}","templated":true}]}}