{"id":43958,"date":"2026-04-29T13:08:25","date_gmt":"2026-04-29T11:08:25","guid":{"rendered":"https:\/\/kapweine.ch\/?p=43958"},"modified":"2026-04-29T13:45:03","modified_gmt":"2026-04-29T11:45:03","slug":"freedom-day-in-sudafrika","status":"publish","type":"post","link":"https:\/\/kapweine.ch\/en\/freedom-day-in-sudafrika\/","title":{"rendered":"Freedom Day in S\u00fcdafrika \u2013 Ein Tag der Erinnerung, Hoffnung und neuen Wege"},"content":{"rendered":"<p>[et_pb_section fb_built=&#8221;1&#8243; _builder_version=&#8221;4.10.7&#8243; _module_preset=&#8221;default&#8221; custom_padding=&#8221;26px|||||&#8221; global_colors_info=&#8221;{}&#8221;][et_pb_row _builder_version=&#8221;4.10.7&#8243; _module_preset=&#8221;default&#8221; custom_margin=&#8221;-8px|auto||auto||&#8221; global_colors_info=&#8221;{}&#8221;][et_pb_column type=&#8221;4_4&#8243; _builder_version=&#8221;4.10.7&#8243; _module_preset=&#8221;default&#8221; global_colors_info=&#8221;{}&#8221;][et_pb_text _builder_version=&#8221;4.10.7&#8243; _module_preset=&#8221;default&#8221; custom_margin=&#8221;||0px|||&#8221; custom_padding=&#8221;||0px|||&#8221; global_colors_info=&#8221;{}&#8221;]<\/p>\n<h2>Der 27. April: Ein Wendepunkt der Geschichte<\/h2>\n<p>[\/et_pb_text][et_pb_text _builder_version=&#8221;4.10.7&#8243; _module_preset=&#8221;default&#8221; global_colors_info=&#8221;{}&#8221;]<\/p>\n<p><strong>Der Freedom Day<\/strong> wird in S\u00fcdafrika jedes Jahr am 27. April gefeiert. Er erinnert an die ersten demokratischen Wahlen im Jahr <strong>1994<\/strong>. Ein historischer Moment, der das Ende der Apartheid markierte und den Beginn eines neuen Kapitels f\u00fcr das Land einl\u00e4utete. <strong>Zum ersten Mal<\/strong> konnten Menschen aller Bev\u00f6lkerungsgruppen gemeinsam w\u00e4hlen. Millionen S\u00fcdafrikaner standen damals stundenlang an, um ihre Stimme abzugeben. Es war mehr als eine Wahl. Es war ein Symbol f\u00fcr Freiheit, Gleichberechtigung und Hoffnung.<\/p>\n<p>[\/et_pb_text][et_pb_text _builder_version=&#8221;4.10.7&#8243; _module_preset=&#8221;default&#8221; custom_margin=&#8221;30px|||||&#8221; global_colors_info=&#8221;{}&#8221;]<\/p>\n<h3>Die Schatten der Apartheid<\/h3>\n<p>Um die Bedeutung dieses Tages zu verstehen, muss man einen Blick zur\u00fcck werfen. \u00dcber Jahrzehnte hinweg pr\u00e4gte die Apartheid das Leben in S\u00fcdafrika. Ein System, das Menschen aufgrund ihrer Herkunft trennte und ihnen grundlegende Rechte verwehrte. Diese Zeit hinterliess tiefe Spuren in Gesellschaft, Wirtschaft und Kultur. Familien wurden getrennt, Chancen ungleich verteilt und ganze Generationen in ihrer Entwicklung eingeschr\u00e4nkt. Der Freedom Day steht deshalb nicht nur f\u00fcr einen politischen Wandel, sondern auch f\u00fcr das Bewusstsein, was Freiheit wirklich bedeutet.<\/p>\n<p>[\/et_pb_text][et_pb_video src=&#8221;https:\/\/www.youtube.com\/watch?v=T8ErUnPsgg0&#8243; _builder_version=&#8221;4.10.7&#8243; _module_preset=&#8221;default&#8221; global_colors_info=&#8221;{}&#8221;][\/et_pb_video][\/et_pb_column][\/et_pb_row][et_pb_row column_structure=&#8221;1_2,1_2&#8243; _builder_version=&#8221;4.10.7&#8243; _module_preset=&#8221;default&#8221; global_colors_info=&#8221;{}&#8221;][et_pb_column type=&#8221;1_2&#8243; _builder_version=&#8221;4.10.7&#8243; _module_preset=&#8221;default&#8221; global_colors_info=&#8221;{}&#8221;][et_pb_text _builder_version=&#8221;4.10.7&#8243; _module_preset=&#8221;default&#8221; global_colors_info=&#8221;{}&#8221;]<\/p>\n<h3>Ein Land im Wandel<\/h3>\n<p>Seit 1994 hat sich S\u00fcdafrika in vielerlei Hinsicht ver\u00e4ndert. Der Weg war nicht immer einfach, doch der Fortschritt ist sichtbar. Vielfalt, kulturelle Identit\u00e4t und neue Perspektiven pr\u00e4gen heute das Bild des Landes. Dabei ist dieser Wandel kein abgeschlossener Prozess, sondern eine fortlaufende Entwicklung, die bis heute das gesellschaftliche Leben pr\u00e4gt.<\/p>\n<p>Menschen unterschiedlichster Herkunft gestalten gemeinsam die Zukunft. Kunst, Musik, Kulinarik und auch der Weinbau spiegeln diese Entwicklung wider. S\u00fcdafrika ist heute ein Land, das seine Geschichte nicht vergisst und gleichzeitig nach vorne blickt.<\/p>\n<p>[\/et_pb_text][\/et_pb_column][et_pb_column type=&#8221;1_2&#8243; _builder_version=&#8221;4.10.7&#8243; _module_preset=&#8221;default&#8221; global_colors_info=&#8221;{}&#8221;][et_pb_text _builder_version=&#8221;4.10.7&#8243; _module_preset=&#8221;default&#8221; global_colors_info=&#8221;{}&#8221;]<\/p>\n<h3>Die Weinwelt im neuen S\u00fcdafrika<\/h3>\n<p>Auch die s\u00fcdafrikanische Weinindustrie hat sich seit dem Ende der Apartheid stark gewandelt. Fr\u00fcher war sie international isoliert, heute geh\u00f6rt sie zu den dynamischsten und spannendsten Weinregionen der Welt. Neue Generationen von Winzern bringen frische Ideen, moderne Ans\u00e4tze und ein starkes Bewusstsein f\u00fcr Herkunft und Nachhaltigkeit mit. Gleichzeitig entstehen immer mehr Initiativen, die sich f\u00fcr soziale Verantwortung, faire Arbeitsbedingungen und Gleichberechtigung einsetzen. ,<\/p>\n<p>Der Wein wird so nicht nur zum Genussmittel, sondern auch zum Ausdruck eines Landes im Wandel.<\/p>\n<p>[\/et_pb_text][\/et_pb_column][\/et_pb_row][et_pb_row _builder_version=&#8221;4.10.7&#8243; _module_preset=&#8221;default&#8221; global_colors_info=&#8221;{}&#8221;][et_pb_column type=&#8221;4_4&#8243; _builder_version=&#8221;4.10.7&#8243; _module_preset=&#8221;default&#8221; global_colors_info=&#8221;{}&#8221;][et_pb_text _builder_version=&#8221;4.10.7&#8243; _module_preset=&#8221;default&#8221; custom_margin=&#8221;1px|||||&#8221; global_colors_info=&#8221;{}&#8221;]<\/p>\n<h3>Menschen, die Geschichten erz\u00e4hlen<\/h3>\n<p>Hinter jedem Wein stehen Menschen. Ihre Geschichten, ihre Erfahrungen und ihre Perspektiven pr\u00e4gen das, was ins Glas kommt. Gerade in S\u00fcdafrika ist dieser Zusammenhang besonders sp\u00fcrbar. Viele Weing\u00fcter setzen heute bewusst auf Vielfalt und darauf, neue Stimmen h\u00f6rbar zu machen. Frauen, junge Talente und Menschen aus unterschiedlichsten Hintergr\u00fcnden bringen ihre Ideen ein und gestalten die Zukunft der Branche. Diese Entwicklung verleiht dem s\u00fcdafrikanischen Wein eine zus\u00e4tzliche Dimension. Er erz\u00e4hlt nicht nur von Terroir, sondern auch von Ver\u00e4nderung und Aufbruch.<\/p>\n<p>[\/et_pb_text][et_pb_image src=&#8221;https:\/\/kapweine.ch\/wp-content\/uploads\/2026\/04\/1020&#215;600-HPSlider-Weingute-Reyeneke.png&#8221; title_text=&#8221;1020&#215;600-HPSlider-Weingute Reyeneke&#8221; _builder_version=&#8221;4.10.7&#8243; _module_preset=&#8221;default&#8221; global_colors_info=&#8221;{}&#8221;][\/et_pb_image][\/et_pb_column][\/et_pb_row][et_pb_row _builder_version=&#8221;4.10.7&#8243; _module_preset=&#8221;default&#8221; global_colors_info=&#8221;{}&#8221;][et_pb_column type=&#8221;4_4&#8243; _builder_version=&#8221;4.10.7&#8243; _module_preset=&#8221;default&#8221; global_colors_info=&#8221;{}&#8221;][et_pb_text _builder_version=&#8221;4.10.7&#8243; _module_preset=&#8221;default&#8221; custom_margin=&#8221;1px|||||&#8221; global_colors_info=&#8221;{}&#8221;]<\/p>\n<h3>Freedom Day heute<\/h3>\n<p>Der Freedom Day ist heute ein Tag des Erinnerns und des Feierns zugleich. Er erinnert an die Vergangenheit, an Herausforderungen und an den langen Weg zur Freiheit. Gleichzeitig steht er f\u00fcr Hoffnung, f\u00fcr Zusammenhalt und f\u00fcr die \u00dcberzeugung, dass Ver\u00e4nderung m\u00f6glich ist. Es ist ein Tag, der die Bedeutung von Gemeinschaft und gegenseitigem Respekt in den Mittelpunkt stellt.<\/p>\n<p>[\/et_pb_text][\/et_pb_column][\/et_pb_row][et_pb_row _builder_version=&#8221;4.10.7&#8243; _module_preset=&#8221;default&#8221; global_colors_info=&#8221;{}&#8221;][et_pb_column type=&#8221;4_4&#8243; _builder_version=&#8221;4.10.7&#8243; _module_preset=&#8221;default&#8221; global_colors_info=&#8221;{}&#8221;][et_pb_text _builder_version=&#8221;4.10.7&#8243; _module_preset=&#8221;default&#8221; global_colors_info=&#8221;{}&#8221;]<\/p>\n<h3>Ein Blick nach vorne<\/h3>\n<p>S\u00fcdafrika bleibt ein Land mit Herausforderungen, aber auch mit grossem Potenzial. Der Freedom Day ist ein Symbol daf\u00fcr, dass Fortschritt Zeit braucht und dass jede Generation ihren Beitrag leistet. Wer s\u00fcdafrikanischen Wein geniesst, erlebt heute nicht nur Qualit\u00e4t und Vielfalt, sondern auch ein St\u00fcck dieser Geschichte. Eine Geschichte von Wandel, von Mut und von der Kraft, neue Wege zu gehen.<\/p>\n<p>[\/et_pb_text][\/et_pb_column][\/et_pb_row][et_pb_row _builder_version=&#8221;4.10.7&#8243; _module_preset=&#8221;default&#8221; global_colors_info=&#8221;{}&#8221;][et_pb_column type=&#8221;4_4&#8243; _builder_version=&#8221;4.10.7&#8243; _module_preset=&#8221;default&#8221; global_colors_info=&#8221;{}&#8221;][et_pb_button button_url=&#8221;https:\/\/shop.kapweine.ch\/&#8221; button_text=&#8221;Die Weinwelt von S\u00fcdafrika kennenlernen&#8221; button_alignment=&#8221;center&#8221; _builder_version=&#8221;4.10.7&#8243; _module_preset=&#8221;default&#8221; hover_enabled=&#8221;0&#8243; global_colors_info=&#8221;{}&#8221; sticky_enabled=&#8221;0&#8243;][\/et_pb_button][et_pb_divider color=&#8221;#000000&#8243; _builder_version=&#8221;4.10.7&#8243; _module_preset=&#8221;default&#8221; global_colors_info=&#8221;{}&#8221;][\/et_pb_divider][\/et_pb_column][\/et_pb_row][\/et_pb_section]<\/p>\n","protected":false},"excerpt":{"rendered":"<p>Freedom Day in S\u00fcdafrika. Erfahre mehr \u00fcber Geschichte, Apartheid und den Wandel eines Landes im Aufbruch.<\/p>\n","protected":false},"author":14,"featured_media":43969,"comment_status":"open","ping_status":"open","sticky":false,"template":"","format":"standard","meta":{"_et_pb_use_builder":"on","_et_pb_old_content":"","_et_gb_content_width":"","_links_to":"","_links_to_target":""},"categories":[1],"tags":[],"yoast_head":"<!-- This site is optimized with the Yoast SEO plugin v17.1 - https:\/\/yoast.com\/wordpress\/plugins\/seo\/ -->\n<title>Freedom Day in S\u00fcdafrika \u2013 Ein Tag der Erinnerung, Hoffnung und neuen Wege - Kapweine<\/title>\n<meta name=\"description\" content=\"Freedom Day in S\u00fcdafrika erkl\u00e4rt. Geschichte der Apartheid, Wandel und Einfluss auf Kultur und Wein.\" \/>\n<meta name=\"robots\" content=\"index, follow, max-snippet:-1, max-image-preview:large, max-video-preview:-1\" \/>\n<link rel=\"canonical\" href=\"https:\/\/kapweine.ch\/en\/freedom-day-in-sudafrika\/\" \/>\n<meta name=\"twitter:label1\" content=\"Written by\" \/>\n\t<meta name=\"twitter:data1\" content=\"Christoph Kappler\" \/>\n\t<meta name=\"twitter:label2\" content=\"Est. reading time\" \/>\n\t<meta name=\"twitter:data2\" content=\"3 minutes\" \/>\n<script type=\"application\/ld+json\" class=\"yoast-schema-graph\">{\"@context\":\"https:\/\/schema.org\",\"@graph\":[{\"@type\":[\"Person\",\"Organization\"],\"@id\":\"https:\/\/kapweine.ch\/#\/schema\/person\/7eefcc412830a8352081b5c962b32917\",\"name\":\"kapweine\",\"image\":{\"@type\":\"ImageObject\",\"@id\":\"https:\/\/kapweine.ch\/#personlogo\",\"inLanguage\":\"en-US\",\"url\":\"https:\/\/secure.gravatar.com\/avatar\/cca08b19179943facd711814c8953849?s=96&d=blank&r=g\",\"contentUrl\":\"https:\/\/secure.gravatar.com\/avatar\/cca08b19179943facd711814c8953849?s=96&d=blank&r=g\",\"caption\":\"kapweine\"},\"logo\":{\"@id\":\"https:\/\/kapweine.ch\/#personlogo\"},\"sameAs\":[\"https:\/\/kapweine.ch\"]},{\"@type\":\"WebSite\",\"@id\":\"https:\/\/kapweine.ch\/#website\",\"url\":\"https:\/\/kapweine.ch\/\",\"name\":\"Kapweine\",\"description\":\"The Home of South African Wines\",\"publisher\":{\"@id\":\"https:\/\/kapweine.ch\/#\/schema\/person\/7eefcc412830a8352081b5c962b32917\"},\"potentialAction\":[{\"@type\":\"SearchAction\",\"target\":{\"@type\":\"EntryPoint\",\"urlTemplate\":\"https:\/\/kapweine.ch\/?s={search_term_string}\"},\"query-input\":\"required name=search_term_string\"}],\"inLanguage\":\"en-US\"},{\"@type\":\"ImageObject\",\"@id\":\"https:\/\/kapweine.ch\/freedom-day-in-sudafrika\/#primaryimage\",\"inLanguage\":\"en-US\",\"url\":\"https:\/\/kapweine.ch\/wp-content\/uploads\/2026\/04\/1020x600-HPSlider-Freedomday.png\",\"contentUrl\":\"https:\/\/kapweine.ch\/wp-content\/uploads\/2026\/04\/1020x600-HPSlider-Freedomday.png\",\"width\":1020,\"height\":600},{\"@type\":\"WebPage\",\"@id\":\"https:\/\/kapweine.ch\/freedom-day-in-sudafrika\/#webpage\",\"url\":\"https:\/\/kapweine.ch\/freedom-day-in-sudafrika\/\",\"name\":\"Freedom Day in S\\u00fcdafrika \\u2013 Ein Tag der Erinnerung, Hoffnung und neuen Wege - Kapweine\",\"isPartOf\":{\"@id\":\"https:\/\/kapweine.ch\/#website\"},\"primaryImageOfPage\":{\"@id\":\"https:\/\/kapweine.ch\/freedom-day-in-sudafrika\/#primaryimage\"},\"datePublished\":\"2026-04-29T11:08:25+00:00\",\"dateModified\":\"2026-04-29T11:45:03+00:00\",\"description\":\"Freedom Day in S\\u00fcdafrika erkl\\u00e4rt. Geschichte der Apartheid, Wandel und Einfluss auf Kultur und Wein.\",\"breadcrumb\":{\"@id\":\"https:\/\/kapweine.ch\/freedom-day-in-sudafrika\/#breadcrumb\"},\"inLanguage\":\"en-US\",\"potentialAction\":[{\"@type\":\"ReadAction\",\"target\":[\"https:\/\/kapweine.ch\/freedom-day-in-sudafrika\/\"]}]},{\"@type\":\"BreadcrumbList\",\"@id\":\"https:\/\/kapweine.ch\/freedom-day-in-sudafrika\/#breadcrumb\",\"itemListElement\":[{\"@type\":\"ListItem\",\"position\":1,\"name\":\"Home\",\"item\":\"https:\/\/kapweine.ch\/\"},{\"@type\":\"ListItem\",\"position\":2,\"name\":\"Freedom Day in S\\u00fcdafrika \\u2013 Ein Tag der Erinnerung, Hoffnung und neuen Wege\"}]},{\"@type\":\"Article\",\"@id\":\"https:\/\/kapweine.ch\/freedom-day-in-sudafrika\/#article\",\"isPartOf\":{\"@id\":\"https:\/\/kapweine.ch\/freedom-day-in-sudafrika\/#webpage\"},\"author\":{\"@id\":\"https:\/\/kapweine.ch\/#\/schema\/person\/fddc962369b294bfeab499a03d2d86ab\"},\"headline\":\"Freedom Day in S\\u00fcdafrika \\u2013 Ein Tag der Erinnerung, Hoffnung und neuen Wege\",\"datePublished\":\"2026-04-29T11:08:25+00:00\",\"dateModified\":\"2026-04-29T11:45:03+00:00\",\"mainEntityOfPage\":{\"@id\":\"https:\/\/kapweine.ch\/freedom-day-in-sudafrika\/#webpage\"},\"wordCount\":1043,\"commentCount\":0,\"publisher\":{\"@id\":\"https:\/\/kapweine.ch\/#\/schema\/person\/7eefcc412830a8352081b5c962b32917\"},\"image\":{\"@id\":\"https:\/\/kapweine.ch\/freedom-day-in-sudafrika\/#primaryimage\"},\"thumbnailUrl\":\"https:\/\/kapweine.ch\/wp-content\/uploads\/2026\/04\/1020x600-HPSlider-Freedomday.png\",\"inLanguage\":\"en-US\",\"potentialAction\":[{\"@type\":\"CommentAction\",\"name\":\"Comment\",\"target\":[\"https:\/\/kapweine.ch\/freedom-day-in-sudafrika\/#respond\"]}]},{\"@type\":\"Person\",\"@id\":\"https:\/\/kapweine.ch\/#\/schema\/person\/fddc962369b294bfeab499a03d2d86ab\",\"name\":\"Christoph Kappler\",\"image\":{\"@type\":\"ImageObject\",\"@id\":\"https:\/\/kapweine.ch\/#personlogo\",\"inLanguage\":\"en-US\",\"url\":\"https:\/\/secure.gravatar.com\/avatar\/c9fbbf2ca91bfe50a3eec5dc3b952c36?s=96&d=blank&r=g\",\"contentUrl\":\"https:\/\/secure.gravatar.com\/avatar\/c9fbbf2ca91bfe50a3eec5dc3b952c36?s=96&d=blank&r=g\",\"caption\":\"Christoph Kappler\"}}]}<\/script>\n<!-- \/ Yoast SEO plugin. -->","yoast_head_json":{"title":"Freedom Day in S\u00fcdafrika \u2013 Ein Tag der Erinnerung, Hoffnung und neuen Wege - Kapweine","description":"Freedom Day in S\u00fcdafrika erkl\u00e4rt. Geschichte der Apartheid, Wandel und Einfluss auf Kultur und Wein.","robots":{"index":"index","follow":"follow","max-snippet":"max-snippet:-1","max-image-preview":"max-image-preview:large","max-video-preview":"max-video-preview:-1"},"canonical":"https:\/\/kapweine.ch\/en\/freedom-day-in-sudafrika\/","twitter_misc":{"Written by":"Christoph Kappler","Est. reading time":"3 minutes"},"schema":{"@context":"https:\/\/schema.org","@graph":[{"@type":["Person","Organization"],"@id":"https:\/\/kapweine.ch\/#\/schema\/person\/7eefcc412830a8352081b5c962b32917","name":"kapweine","image":{"@type":"ImageObject","@id":"https:\/\/kapweine.ch\/#personlogo","inLanguage":"en-US","url":"https:\/\/secure.gravatar.com\/avatar\/cca08b19179943facd711814c8953849?s=96&d=blank&r=g","contentUrl":"https:\/\/secure.gravatar.com\/avatar\/cca08b19179943facd711814c8953849?s=96&d=blank&r=g","caption":"kapweine"},"logo":{"@id":"https:\/\/kapweine.ch\/#personlogo"},"sameAs":["https:\/\/kapweine.ch"]},{"@type":"WebSite","@id":"https:\/\/kapweine.ch\/#website","url":"https:\/\/kapweine.ch\/","name":"Kapweine","description":"The Home of South African Wines","publisher":{"@id":"https:\/\/kapweine.ch\/#\/schema\/person\/7eefcc412830a8352081b5c962b32917"},"potentialAction":[{"@type":"SearchAction","target":{"@type":"EntryPoint","urlTemplate":"https:\/\/kapweine.ch\/?s={search_term_string}"},"query-input":"required name=search_term_string"}],"inLanguage":"en-US"},{"@type":"ImageObject","@id":"https:\/\/kapweine.ch\/freedom-day-in-sudafrika\/#primaryimage","inLanguage":"en-US","url":"https:\/\/kapweine.ch\/wp-content\/uploads\/2026\/04\/1020x600-HPSlider-Freedomday.png","contentUrl":"https:\/\/kapweine.ch\/wp-content\/uploads\/2026\/04\/1020x600-HPSlider-Freedomday.png","width":1020,"height":600},{"@type":"WebPage","@id":"https:\/\/kapweine.ch\/freedom-day-in-sudafrika\/#webpage","url":"https:\/\/kapweine.ch\/freedom-day-in-sudafrika\/","name":"Freedom Day in S\u00fcdafrika \u2013 Ein Tag der Erinnerung, Hoffnung und neuen Wege - Kapweine","isPartOf":{"@id":"https:\/\/kapweine.ch\/#website"},"primaryImageOfPage":{"@id":"https:\/\/kapweine.ch\/freedom-day-in-sudafrika\/#primaryimage"},"datePublished":"2026-04-29T11:08:25+00:00","dateModified":"2026-04-29T11:45:03+00:00","description":"Freedom Day in S\u00fcdafrika erkl\u00e4rt. Geschichte der Apartheid, Wandel und Einfluss auf Kultur und Wein.","breadcrumb":{"@id":"https:\/\/kapweine.ch\/freedom-day-in-sudafrika\/#breadcrumb"},"inLanguage":"en-US","potentialAction":[{"@type":"ReadAction","target":["https:\/\/kapweine.ch\/freedom-day-in-sudafrika\/"]}]},{"@type":"BreadcrumbList","@id":"https:\/\/kapweine.ch\/freedom-day-in-sudafrika\/#breadcrumb","itemListElement":[{"@type":"ListItem","position":1,"name":"Home","item":"https:\/\/kapweine.ch\/"},{"@type":"ListItem","position":2,"name":"Freedom Day in S\u00fcdafrika \u2013 Ein Tag der Erinnerung, Hoffnung und neuen Wege"}]},{"@type":"Article","@id":"https:\/\/kapweine.ch\/freedom-day-in-sudafrika\/#article","isPartOf":{"@id":"https:\/\/kapweine.ch\/freedom-day-in-sudafrika\/#webpage"},"author":{"@id":"https:\/\/kapweine.ch\/#\/schema\/person\/fddc962369b294bfeab499a03d2d86ab"},"headline":"Freedom Day in S\u00fcdafrika \u2013 Ein Tag der Erinnerung, Hoffnung und neuen Wege","datePublished":"2026-04-29T11:08:25+00:00","dateModified":"2026-04-29T11:45:03+00:00","mainEntityOfPage":{"@id":"https:\/\/kapweine.ch\/freedom-day-in-sudafrika\/#webpage"},"wordCount":1043,"commentCount":0,"publisher":{"@id":"https:\/\/kapweine.ch\/#\/schema\/person\/7eefcc412830a8352081b5c962b32917"},"image":{"@id":"https:\/\/kapweine.ch\/freedom-day-in-sudafrika\/#primaryimage"},"thumbnailUrl":"https:\/\/kapweine.ch\/wp-content\/uploads\/2026\/04\/1020x600-HPSlider-Freedomday.png","inLanguage":"en-US","potentialAction":[{"@type":"CommentAction","name":"Comment","target":["https:\/\/kapweine.ch\/freedom-day-in-sudafrika\/#respond"]}]},{"@type":"Person","@id":"https:\/\/kapweine.ch\/#\/schema\/person\/fddc962369b294bfeab499a03d2d86ab","name":"Christoph Kappler","image":{"@type":"ImageObject","@id":"https:\/\/kapweine.ch\/#personlogo","inLanguage":"en-US","url":"https:\/\/secure.gravatar.com\/avatar\/c9fbbf2ca91bfe50a3eec5dc3b952c36?s=96&d=blank&r=g","contentUrl":"https:\/\/secure.gravatar.com\/avatar\/c9fbbf2ca91bfe50a3eec5dc3b952c36?s=96&d=blank&r=g","caption":"Christoph Kappler"}}]}},"_links":{"self":[{"href":"https:\/\/kapweine.ch\/en\/wp-json\/wp\/v2\/posts\/43958"}],"collection":[{"href":"https:\/\/kapweine.ch\/en\/wp-json\/wp\/v2\/posts"}],"about":[{"href":"https:\/\/kapweine.ch\/en\/wp-json\/wp\/v2\/types\/post"}],"author":[{"embeddable":true,"href":"https:\/\/kapweine.ch\/en\/wp-json\/wp\/v2\/users\/14"}],"replies":[{"embeddable":true,"href":"https:\/\/kapweine.ch\/en\/wp-json\/wp\/v2\/comments?post=43958"}],"version-history":[{"count":7,"href":"https:\/\/kapweine.ch\/en\/wp-json\/wp\/v2\/posts\/43958\/revisions"}],"predecessor-version":[{"id":43972,"href":"https:\/\/kapweine.ch\/en\/wp-json\/wp\/v2\/posts\/43958\/revisions\/43972"}],"wp:featuredmedia":[{"embeddable":true,"href":"https:\/\/kapweine.ch\/en\/wp-json\/wp\/v2\/media\/43969"}],"wp:attachment":[{"href":"https:\/\/kapweine.ch\/en\/wp-json\/wp\/v2\/media?parent=43958"}],"wp:term":[{"taxonomy":"category","embeddable":true,"href":"https:\/\/kapweine.ch\/en\/wp-json\/wp\/v2\/categories?post=43958"},{"taxonomy":"post_tag","embeddable":true,"href":"https:\/\/kapweine.ch\/en\/wp-json\/wp\/v2\/tags?post=43958"}],"curies":[{"name":"wp","href":"https:\/\/api.w.org\/{rel}","templated":true}]}}