{"id":7134,"date":"2021-11-28T18:00:00","date_gmt":"2021-11-28T15:00:00","guid":{"rendered":"https:\/\/kapweine.ch\/?p=7134"},"modified":"2023-10-06T16:18:47","modified_gmt":"2023-10-06T14:18:47","slug":"de-krans","status":"publish","type":"post","link":"https:\/\/kapweine.ch\/en\/de-krans\/","title":{"rendered":"DE KRANS"},"content":{"rendered":"<p>[et_pb_section fb_built=&#8221;1&#8243; _builder_version=&#8221;4.10.7&#8243; _module_preset=&#8221;default&#8221; custom_margin=&#8221;||||false&#8221; custom_padding=&#8221;0px||0px||true|false&#8221; global_colors_info=&#8221;{}&#8221;][et_pb_row _builder_version=&#8221;4.10.7&#8243; _module_preset=&#8221;default&#8221; global_colors_info=&#8221;{}&#8221;][et_pb_column type=&#8221;4_4&#8243; _builder_version=&#8221;4.10.7&#8243; _module_preset=&#8221;default&#8221; global_colors_info=&#8221;{}&#8221;][et_pb_text module_class=&#8221;post-big-table&#8221; _builder_version=&#8221;4.10.7&#8243; _module_preset=&#8221;default&#8221; hover_enabled=&#8221;0&#8243; global_colors_info=&#8221;{}&#8221; sticky_enabled=&#8221;0&#8243;]<\/p>\n<table border=\"1\" style=\"border-collapse: collapse; width: 100%; height: 217px;\">\n<tbody>\n<tr style=\"height: 24px;\">\n<td style=\"width: 25%; height: 24px; text-align: right;\"><span style=\"color: #000000;\"><strong>Weingebiet:<\/strong><\/span><\/td>\n<td style=\"width: 27.9381%; height: 24px;\"><span style=\"color: #000000;\">Calitzdorp<\/span><\/td>\n<td style=\"width: 22.0619%; height: 24px; text-align: right;\"><\/td>\n<td style=\"width: 25%; height: 24px;\"><\/td>\n<\/tr>\n<tr style=\"height: 24px;\">\n<td style=\"width: 25%; height: 25px; text-align: right;\"><span style=\"color: #000000;\"><strong>Gr\u00fcndung:\u00a0<\/strong><\/span><\/td>\n<td style=\"width: 27.9381%; height: 25px;\"><span style=\"color: #000000;\">1964<\/span><\/td>\n<td style=\"width: 22.0619%; height: 25px; text-align: right;\"><span style=\"color: #000000;\"><strong>Gr\u00f6sse:<\/strong><\/span><\/td>\n<td style=\"width: 25%; height: 25px;\"><span style=\"color: #000000;\">32 ha<\/span><\/td>\n<\/tr>\n<tr style=\"height: 24px;\">\n<td style=\"width: 25%; height: 24px; text-align: right;\"><span style=\"color: #000000;\"><strong>Produktion seit:<\/strong><\/span><\/td>\n<td style=\"width: 27.9381%; height: 24px;\"><span style=\"color: #000000;\">1977<\/span><\/td>\n<td style=\"width: 22.0619%; height: 24px; text-align: right;\"><span style=\"color: #000000;\"><strong>Menge:<\/strong><\/span><\/td>\n<td style=\"width: 25%; height: 24px;\"><span style=\"color: #000000;\">350 Tonnen<\/span><\/td>\n<\/tr>\n<tr style=\"height: 24px;\">\n<td style=\"width: 25%; height: 24px; text-align: right;\"><span style=\"color: #000000;\"><strong>Weinmacher:<\/strong><\/span><\/td>\n<td style=\"width: 27.9381%; height: 24px;\"><span style=\"color: #000000;\">Nel Stroebel (seit 1988)<br \/>Christoff de Wet (seit 2019)<\/span><\/td>\n<td style=\"width: 22.0619%; height: 24px; text-align: right;\"><span style=\"color: #000000;\"><strong>Flaschen:<\/strong><\/span><\/td>\n<td class=\"text\" style=\"width: 25%;\"><span style=\"color: #000000;\">300 000<\/span><\/td>\n<\/tr>\n<tr style=\"height: 24px;\">\n<td style=\"width: 25%; height: 24px; text-align: right;\"><span style=\"color: #000000;\"><strong>Verh\u00e4ltnis weiss\/rot:<\/strong><\/span><\/td>\n<td class=\"artikel1\" style=\"width: 27.9381%; height: 24px;\"><span style=\"color: #000000;\">10% \/ 90%<\/span><\/td>\n<td style=\"width: 22.0619%; height: 24px; text-align: right;\"><\/td>\n<td style=\"width: 25%; height: 24px;\"><\/td>\n<\/tr>\n<tr style=\"height: 24px;\">\n<td style=\"width: 25%; height: 24px; text-align: right;\"><span style=\"color: #000000;\"><strong>Aufteilung Traubensorten:<\/strong><\/span><\/td>\n<td style=\"width: 27.9381%; height: 24px;\">Pinotage, Cab. Sauv., Tinta Barocca, Touriga Nacional, etc<\/td>\n<td style=\"width: 22.0619%; height: 24px; text-align: right;\"><\/td>\n<td style=\"width: 25%; height: 24px;\"><\/td>\n<\/tr>\n<tr style=\"height: 72px;\">\n<td style=\"width: 25%; height: 72px; text-align: right;\"><span style=\"color: #000000;\"><strong>Degustationszeiten:<\/strong><\/span><\/td>\n<td style=\"width: 27.9381%; height: 72px;\"><span style=\"color: #000000;\">Montag \u2013 Sonntag 9 \u2013 17<\/span><br \/><span style=\"color: #000000;\">+27 44 213 3314 dekrans@mweb.co.za<\/span><\/td>\n<td style=\"width: 22.0619%; height: 72px; text-align: right;\"><span style=\"color: #000000;\"><strong>Link:<\/strong><\/span><\/td>\n<td style=\"width: 25%; height: 72px;\"><span style=\"color: #000000;\"><a href=\"http:\/\/www.dekrans.co.za\/\" target=\"_blank\" rel=\"noopener\" style=\"color: #000000;\">www.dekrans.co.za<\/a><\/span><\/td>\n<\/tr>\n<\/tbody>\n<\/table>\n<p>[\/et_pb_text][\/et_pb_column][\/et_pb_row][et_pb_row _builder_version=&#8221;4.10.7&#8243; _module_preset=&#8221;default&#8221; custom_padding=&#8221;0px||0px||true|false&#8221; global_colors_info=&#8221;{}&#8221;][et_pb_column type=&#8221;4_4&#8243; _builder_version=&#8221;4.10.7&#8243; _module_preset=&#8221;default&#8221; global_colors_info=&#8221;{}&#8221;][et_pb_button button_url=&#8221;https:\/\/shop.kapweine.ch\/dekrans&#8221; url_new_window=&#8221;on&#8221; button_text=&#8221;Zu den Portweinen von De Krans &#8221; button_alignment=&#8221;center&#8221; _builder_version=&#8221;4.10.7&#8243; _module_preset=&#8221;default&#8221; custom_button=&#8221;on&#8221; button_text_color=&#8221;#7f7f7f&#8221; button_border_color=&#8221;#7f7f7f&#8221; button_use_icon=&#8221;off&#8221; button_text_color_last_edited=&#8221;off|desktop&#8221; custom_css_main_element=&#8221;width: 100%;&#8221; global_colors_info=&#8221;{}&#8221; button_text_color__hover_enabled=&#8221;on|hover&#8221; button_text_color__hover=&#8221;#FFFFFF&#8221; button_bg_color__hover_enabled=&#8221;on|hover&#8221; button_bg_color__hover=&#8221;#7f7f7f&#8221; button_bg_enable_color__hover=&#8221;on&#8221;][\/et_pb_button][\/et_pb_column][\/et_pb_row][et_pb_row column_structure=&#8221;1_2,1_2&#8243; _builder_version=&#8221;4.10.7&#8243; _module_preset=&#8221;default&#8221; global_colors_info=&#8221;{}&#8221;][et_pb_column type=&#8221;1_2&#8243; _builder_version=&#8221;4.10.7&#8243; _module_preset=&#8221;default&#8221; global_colors_info=&#8221;{}&#8221;][et_pb_image src=&#8221;https:\/\/kapweine.ch\/wp-content\/uploads\/2021\/11\/Screenshot-from-2021-11-26-11-12-49-1-1.png&#8221; title_text=&#8221;Screenshot-from-2021-11-26-11-12-49-1&#8243; _builder_version=&#8221;4.10.7&#8243; _module_preset=&#8221;default&#8221; global_colors_info=&#8221;{}&#8221;][\/et_pb_image][\/et_pb_column][et_pb_column type=&#8221;1_2&#8243; _builder_version=&#8221;4.10.7&#8243; _module_preset=&#8221;default&#8221; global_colors_info=&#8221;{}&#8221;][et_pb_image src=&#8221;https:\/\/kapweine.ch\/wp-content\/uploads\/2021\/11\/Screenshot-from-2021-11-26-11-13-01-1-1.png&#8221; title_text=&#8221;Screenshot-from-2021-11-26-11-13-01-1&#8243; _builder_version=&#8221;4.10.7&#8243; _module_preset=&#8221;default&#8221; global_colors_info=&#8221;{}&#8221;][\/et_pb_image][\/et_pb_column][\/et_pb_row][et_pb_row _builder_version=&#8221;4.10.7&#8243; _module_preset=&#8221;default&#8221; global_colors_info=&#8221;{}&#8221;][et_pb_column type=&#8221;4_4&#8243; _builder_version=&#8221;4.10.7&#8243; _module_preset=&#8221;default&#8221; global_colors_info=&#8221;{}&#8221;][et_pb_text _builder_version=&#8221;4.10.7&#8243; _module_preset=&#8221;default&#8221; custom_margin=&#8221;0px||0px||true|false&#8221; custom_padding=&#8221;||||false&#8221; global_colors_info=&#8221;{}&#8221;]<\/p>\n<p><strong><span style=\"color: #000000;\">Farm<\/span><\/strong><\/p>\n<p>[\/et_pb_text][et_pb_text _builder_version=&#8221;4.10.7&#8243; _module_preset=&#8221;default&#8221; global_colors_info=&#8221;{}&#8221;]<\/p>\n<p style=\"text-align: justify;\"><span>De Krans Wine Cellar sitzt im pituresken Gemka River Valley nahe Calizdorp. Bereits seit 1890 befindet sich die Farm im Besitz der Familie Nel.1964 erbauten die Br\u00fcdern Chris und Danie Nel den heute bestehenden Weinkeller. Der erste eigene Flaschenwein wurde 1977 vermarktet.<\/span><\/p>\n<p><span>Die meisten der klassischen Rebsorten wurden bereits 1985 gepflanzt.<\/span><\/p>\n<p>[\/et_pb_text][et_pb_text _builder_version=&#8221;4.10.7&#8243; _module_preset=&#8221;default&#8221; custom_margin=&#8221;0px||0px||true|false&#8221; global_colors_info=&#8221;{}&#8221;]<\/p>\n<p><strong><span style=\"color: #000000;\">Winemaker<\/span><\/strong><\/p>\n<p>[\/et_pb_text][et_pb_text _builder_version=&#8221;4.10.7&#8243; _module_preset=&#8221;default&#8221; global_colors_info=&#8221;{}&#8221;]<\/p>\n<p style=\"text-align: justify;\"><span>Boets Nel ist seit 1982 in diesem Familien -Betrieb f\u00fcr die Weinqualit\u00e4ten verantworltich. Seit 1988 steht im Stroebel Nel im Weinkeller tatkr\u00e4ftig zur Seite.<\/span><\/p>\n<p>[\/et_pb_text][et_pb_text _builder_version=&#8221;4.10.7&#8243; _module_preset=&#8221;default&#8221; custom_margin=&#8221;0px||0px||true|false&#8221; global_colors_info=&#8221;{}&#8221;]<\/p>\n<p><strong><span style=\"color: #000000;\">Weinstilistik<\/span><\/strong><\/p>\n<p>[\/et_pb_text][et_pb_text _builder_version=&#8221;4.10.7&#8243; _module_preset=&#8221;default&#8221; custom_padding=&#8221;||0px|||&#8221; global_colors_info=&#8221;{}&#8221;]<\/p>\n<p style=\"text-align: justify;\"><span>Mitte der 80er Jahre stellten die beiden Br\u00fcder fest, dass das sehr trockene und heisse Gebiet der Kleinen Karoo besonders gut geeignet ist, um hochwertige Ports zu produzieren. So pflanzte man die entsprechenden Rebsorten: Tinta Barocca, Tinta Roriz, Touriga Nacional und Souzao. Heute geh\u00f6rt \u201eDe Krans Wines&#8221; zu den besten Produzenten von Port- und Dessertweinen am Kap.<\/span><\/p>\n<p>[\/et_pb_text][\/et_pb_column][\/et_pb_row][et_pb_row column_structure=&#8221;1_2,1_2&#8243; _builder_version=&#8221;4.10.7&#8243; _module_preset=&#8221;default&#8221; global_colors_info=&#8221;{}&#8221;][et_pb_column type=&#8221;1_2&#8243; _builder_version=&#8221;4.10.7&#8243; _module_preset=&#8221;default&#8221; global_colors_info=&#8221;{}&#8221;][et_pb_image src=&#8221;https:\/\/kapweine.ch\/wp-content\/uploads\/2021\/11\/Screenshot-from-2021-11-26-11-12-17-1-1.png&#8221; title_text=&#8221;Screenshot-from-2021-11-26-11-12-17-1&#8243; _builder_version=&#8221;4.10.7&#8243; _module_preset=&#8221;default&#8221; global_colors_info=&#8221;{}&#8221;][\/et_pb_image][\/et_pb_column][et_pb_column type=&#8221;1_2&#8243; _builder_version=&#8221;4.10.7&#8243; _module_preset=&#8221;default&#8221; global_colors_info=&#8221;{}&#8221;][et_pb_image src=&#8221;https:\/\/kapweine.ch\/wp-content\/uploads\/2021\/11\/Screenshot-from-2021-11-26-11-13-48-1-1.png&#8221; title_text=&#8221;Screenshot-from-2021-11-26-11-13-48-1&#8243; _builder_version=&#8221;4.10.7&#8243; _module_preset=&#8221;default&#8221; global_colors_info=&#8221;{}&#8221;][\/et_pb_image][\/et_pb_column][\/et_pb_row][\/et_pb_section]<\/p>\n","protected":false},"excerpt":{"rendered":"<p>DE KRANS<\/p>\n","protected":false},"author":1,"featured_media":7154,"comment_status":"open","ping_status":"open","sticky":false,"template":"","format":"standard","meta":{"_et_pb_use_builder":"on","_et_pb_old_content":"","_et_gb_content_width":"","_links_to":"","_links_to_target":""},"categories":[219],"tags":[],"yoast_head":"<!-- This site is optimized with the Yoast SEO plugin v17.1 - https:\/\/yoast.com\/wordpress\/plugins\/seo\/ -->\n<title>DE KRANS - Kapweine<\/title>\n<meta name=\"robots\" content=\"index, follow, max-snippet:-1, max-image-preview:large, max-video-preview:-1\" \/>\n<link rel=\"canonical\" href=\"https:\/\/kapweine.ch\/en\/de-krans\/\" \/>\n<meta name=\"twitter:label1\" content=\"Written by\" \/>\n\t<meta name=\"twitter:data1\" content=\"kapweine\" \/>\n\t<meta name=\"twitter:label2\" content=\"Est. reading time\" \/>\n\t<meta name=\"twitter:data2\" content=\"2 minutes\" \/>\n<script type=\"application\/ld+json\" class=\"yoast-schema-graph\">{\"@context\":\"https:\/\/schema.org\",\"@graph\":[{\"@type\":\"WebSite\",\"@id\":\"https:\/\/kapweine.ch\/#website\",\"url\":\"https:\/\/kapweine.ch\/\",\"name\":\"Kapweine\",\"description\":\"The Home of South African Wines\",\"publisher\":{\"@id\":\"https:\/\/kapweine.ch\/#\/schema\/person\/7eefcc412830a8352081b5c962b32917\"},\"potentialAction\":[{\"@type\":\"SearchAction\",\"target\":{\"@type\":\"EntryPoint\",\"urlTemplate\":\"https:\/\/kapweine.ch\/?s={search_term_string}\"},\"query-input\":\"required name=search_term_string\"}],\"inLanguage\":\"en-US\"},{\"@type\":\"ImageObject\",\"@id\":\"https:\/\/kapweine.ch\/de-krans\/#primaryimage\",\"inLanguage\":\"en-US\",\"url\":\"https:\/\/kapweine.ch\/wp-content\/uploads\/2021\/11\/2021-11-26_11-12-1-1280x640-1.png\",\"contentUrl\":\"https:\/\/kapweine.ch\/wp-content\/uploads\/2021\/11\/2021-11-26_11-12-1-1280x640-1.png\",\"width\":1280,\"height\":640},{\"@type\":\"WebPage\",\"@id\":\"https:\/\/kapweine.ch\/de-krans\/#webpage\",\"url\":\"https:\/\/kapweine.ch\/de-krans\/\",\"name\":\"DE KRANS - Kapweine\",\"isPartOf\":{\"@id\":\"https:\/\/kapweine.ch\/#website\"},\"primaryImageOfPage\":{\"@id\":\"https:\/\/kapweine.ch\/de-krans\/#primaryimage\"},\"datePublished\":\"2021-11-28T15:00:00+00:00\",\"dateModified\":\"2023-10-06T14:18:47+00:00\",\"breadcrumb\":{\"@id\":\"https:\/\/kapweine.ch\/de-krans\/#breadcrumb\"},\"inLanguage\":\"en-US\",\"potentialAction\":[{\"@type\":\"ReadAction\",\"target\":[\"https:\/\/kapweine.ch\/de-krans\/\"]}]},{\"@type\":\"BreadcrumbList\",\"@id\":\"https:\/\/kapweine.ch\/de-krans\/#breadcrumb\",\"itemListElement\":[{\"@type\":\"ListItem\",\"position\":1,\"name\":\"Home\",\"item\":\"https:\/\/kapweine.ch\/\"},{\"@type\":\"ListItem\",\"position\":2,\"name\":\"DE KRANS\"}]},{\"@type\":\"Article\",\"@id\":\"https:\/\/kapweine.ch\/de-krans\/#article\",\"isPartOf\":{\"@id\":\"https:\/\/kapweine.ch\/de-krans\/#webpage\"},\"author\":{\"@id\":\"https:\/\/kapweine.ch\/#\/schema\/person\/7eefcc412830a8352081b5c962b32917\"},\"headline\":\"DE KRANS\",\"datePublished\":\"2021-11-28T15:00:00+00:00\",\"dateModified\":\"2023-10-06T14:18:47+00:00\",\"mainEntityOfPage\":{\"@id\":\"https:\/\/kapweine.ch\/de-krans\/#webpage\"},\"wordCount\":774,\"commentCount\":0,\"publisher\":{\"@id\":\"https:\/\/kapweine.ch\/#\/schema\/person\/7eefcc412830a8352081b5c962b32917\"},\"image\":{\"@id\":\"https:\/\/kapweine.ch\/de-krans\/#primaryimage\"},\"thumbnailUrl\":\"https:\/\/kapweine.ch\/wp-content\/uploads\/2021\/11\/2021-11-26_11-12-1-1280x640-1.png\",\"articleSection\":[\"Wineries\"],\"inLanguage\":\"en-US\",\"potentialAction\":[{\"@type\":\"CommentAction\",\"name\":\"Comment\",\"target\":[\"https:\/\/kapweine.ch\/de-krans\/#respond\"]}]},{\"@type\":[\"Person\",\"Organization\"],\"@id\":\"https:\/\/kapweine.ch\/#\/schema\/person\/7eefcc412830a8352081b5c962b32917\",\"name\":\"kapweine\",\"image\":{\"@type\":\"ImageObject\",\"@id\":\"https:\/\/kapweine.ch\/#personlogo\",\"inLanguage\":\"en-US\",\"url\":\"https:\/\/secure.gravatar.com\/avatar\/cca08b19179943facd711814c8953849?s=96&d=blank&r=g\",\"contentUrl\":\"https:\/\/secure.gravatar.com\/avatar\/cca08b19179943facd711814c8953849?s=96&d=blank&r=g\",\"caption\":\"kapweine\"},\"logo\":{\"@id\":\"https:\/\/kapweine.ch\/#personlogo\"},\"sameAs\":[\"https:\/\/kapweine.ch\"]}]}<\/script>\n<!-- \/ Yoast SEO plugin. -->","yoast_head_json":{"title":"DE KRANS - Kapweine","robots":{"index":"index","follow":"follow","max-snippet":"max-snippet:-1","max-image-preview":"max-image-preview:large","max-video-preview":"max-video-preview:-1"},"canonical":"https:\/\/kapweine.ch\/en\/de-krans\/","twitter_misc":{"Written by":"kapweine","Est. reading time":"2 minutes"},"schema":{"@context":"https:\/\/schema.org","@graph":[{"@type":"WebSite","@id":"https:\/\/kapweine.ch\/#website","url":"https:\/\/kapweine.ch\/","name":"Kapweine","description":"The Home of South African Wines","publisher":{"@id":"https:\/\/kapweine.ch\/#\/schema\/person\/7eefcc412830a8352081b5c962b32917"},"potentialAction":[{"@type":"SearchAction","target":{"@type":"EntryPoint","urlTemplate":"https:\/\/kapweine.ch\/?s={search_term_string}"},"query-input":"required name=search_term_string"}],"inLanguage":"en-US"},{"@type":"ImageObject","@id":"https:\/\/kapweine.ch\/de-krans\/#primaryimage","inLanguage":"en-US","url":"https:\/\/kapweine.ch\/wp-content\/uploads\/2021\/11\/2021-11-26_11-12-1-1280x640-1.png","contentUrl":"https:\/\/kapweine.ch\/wp-content\/uploads\/2021\/11\/2021-11-26_11-12-1-1280x640-1.png","width":1280,"height":640},{"@type":"WebPage","@id":"https:\/\/kapweine.ch\/de-krans\/#webpage","url":"https:\/\/kapweine.ch\/de-krans\/","name":"DE KRANS - Kapweine","isPartOf":{"@id":"https:\/\/kapweine.ch\/#website"},"primaryImageOfPage":{"@id":"https:\/\/kapweine.ch\/de-krans\/#primaryimage"},"datePublished":"2021-11-28T15:00:00+00:00","dateModified":"2023-10-06T14:18:47+00:00","breadcrumb":{"@id":"https:\/\/kapweine.ch\/de-krans\/#breadcrumb"},"inLanguage":"en-US","potentialAction":[{"@type":"ReadAction","target":["https:\/\/kapweine.ch\/de-krans\/"]}]},{"@type":"BreadcrumbList","@id":"https:\/\/kapweine.ch\/de-krans\/#breadcrumb","itemListElement":[{"@type":"ListItem","position":1,"name":"Home","item":"https:\/\/kapweine.ch\/"},{"@type":"ListItem","position":2,"name":"DE KRANS"}]},{"@type":"Article","@id":"https:\/\/kapweine.ch\/de-krans\/#article","isPartOf":{"@id":"https:\/\/kapweine.ch\/de-krans\/#webpage"},"author":{"@id":"https:\/\/kapweine.ch\/#\/schema\/person\/7eefcc412830a8352081b5c962b32917"},"headline":"DE KRANS","datePublished":"2021-11-28T15:00:00+00:00","dateModified":"2023-10-06T14:18:47+00:00","mainEntityOfPage":{"@id":"https:\/\/kapweine.ch\/de-krans\/#webpage"},"wordCount":774,"commentCount":0,"publisher":{"@id":"https:\/\/kapweine.ch\/#\/schema\/person\/7eefcc412830a8352081b5c962b32917"},"image":{"@id":"https:\/\/kapweine.ch\/de-krans\/#primaryimage"},"thumbnailUrl":"https:\/\/kapweine.ch\/wp-content\/uploads\/2021\/11\/2021-11-26_11-12-1-1280x640-1.png","articleSection":["Wineries"],"inLanguage":"en-US","potentialAction":[{"@type":"CommentAction","name":"Comment","target":["https:\/\/kapweine.ch\/de-krans\/#respond"]}]},{"@type":["Person","Organization"],"@id":"https:\/\/kapweine.ch\/#\/schema\/person\/7eefcc412830a8352081b5c962b32917","name":"kapweine","image":{"@type":"ImageObject","@id":"https:\/\/kapweine.ch\/#personlogo","inLanguage":"en-US","url":"https:\/\/secure.gravatar.com\/avatar\/cca08b19179943facd711814c8953849?s=96&d=blank&r=g","contentUrl":"https:\/\/secure.gravatar.com\/avatar\/cca08b19179943facd711814c8953849?s=96&d=blank&r=g","caption":"kapweine"},"logo":{"@id":"https:\/\/kapweine.ch\/#personlogo"},"sameAs":["https:\/\/kapweine.ch"]}]}},"_links":{"self":[{"href":"https:\/\/kapweine.ch\/en\/wp-json\/wp\/v2\/posts\/7134"}],"collection":[{"href":"https:\/\/kapweine.ch\/en\/wp-json\/wp\/v2\/posts"}],"about":[{"href":"https:\/\/kapweine.ch\/en\/wp-json\/wp\/v2\/types\/post"}],"author":[{"embeddable":true,"href":"https:\/\/kapweine.ch\/en\/wp-json\/wp\/v2\/users\/1"}],"replies":[{"embeddable":true,"href":"https:\/\/kapweine.ch\/en\/wp-json\/wp\/v2\/comments?post=7134"}],"version-history":[{"count":14,"href":"https:\/\/kapweine.ch\/en\/wp-json\/wp\/v2\/posts\/7134\/revisions"}],"predecessor-version":[{"id":27823,"href":"https:\/\/kapweine.ch\/en\/wp-json\/wp\/v2\/posts\/7134\/revisions\/27823"}],"wp:featuredmedia":[{"embeddable":true,"href":"https:\/\/kapweine.ch\/en\/wp-json\/wp\/v2\/media\/7154"}],"wp:attachment":[{"href":"https:\/\/kapweine.ch\/en\/wp-json\/wp\/v2\/media?parent=7134"}],"wp:term":[{"taxonomy":"category","embeddable":true,"href":"https:\/\/kapweine.ch\/en\/wp-json\/wp\/v2\/categories?post=7134"},{"taxonomy":"post_tag","embeddable":true,"href":"https:\/\/kapweine.ch\/en\/wp-json\/wp\/v2\/tags?post=7134"}],"curies":[{"name":"wp","href":"https:\/\/api.w.org\/{rel}","templated":true}]}}