{"id":9445,"date":"2022-02-02T11:12:00","date_gmt":"2022-02-02T10:12:00","guid":{"rendered":"https:\/\/kapweine.ch\/?p=9445"},"modified":"2022-03-07T01:15:36","modified_gmt":"2022-03-07T00:15:36","slug":"andrew-jefford-2021-weinjahr-des-elends","status":"publish","type":"post","link":"https:\/\/kapweine.ch\/en\/andrew-jefford-2021-weinjahr-des-elends\/","title":{"rendered":"Andrew Jefford \u2013 \u00ab2021 war das Weinjahr des Elends\u00bb"},"content":{"rendered":"<p>[et_pb_section fb_built=&#8221;1&#8243; _builder_version=&#8221;4.10.7&#8243; _module_preset=&#8221;default&#8221; custom_padding=&#8221;||0px|||&#8221; global_colors_info=&#8221;{}&#8221;][et_pb_row _builder_version=&#8221;4.10.7&#8243; _module_preset=&#8221;default&#8221; global_colors_info=&#8221;{}&#8221;][et_pb_column type=&#8221;4_4&#8243; _builder_version=&#8221;4.10.7&#8243; _module_preset=&#8221;default&#8221; global_colors_info=&#8221;{}&#8221;][et_pb_text _builder_version=&#8221;4.10.7&#8243; _module_preset=&#8221;default&#8221; header_font_size=&#8221;64px&#8221; header_2_font=&#8221;Prompt|200|||||||&#8221; header_2_font_size=&#8221;59px&#8221; global_colors_info=&#8221;{}&#8221;]<\/p>\n<h1><strong>R\u00fcckblick 2021<\/strong><\/h1>\n<h2 style=\"text-align: left;\">das Weinjahr des Elends<\/h2>\n<p>&nbsp;<\/p>\n<p>[\/et_pb_text][\/et_pb_column][\/et_pb_row][et_pb_row _builder_version=&#8221;4.10.7&#8243; _module_preset=&#8221;default&#8221; custom_padding=&#8221;2px|||||&#8221; global_colors_info=&#8221;{}&#8221;][et_pb_column type=&#8221;4_4&#8243; _builder_version=&#8221;4.10.7&#8243; _module_preset=&#8221;default&#8221; global_colors_info=&#8221;{}&#8221;][et_pb_text _builder_version=&#8221;4.10.7&#8243; _module_preset=&#8221;default&#8221; global_colors_info=&#8221;{}&#8221;]<\/p>\n<h3><span style=\"font-family: 'Open Sans'; font-size: 18px; font-weight: bold;\"><span>Andrew Jefford blickt auf ein Jahr zur\u00fcck, das von schrecklichem Wetter gepr\u00e4gt war und Verw\u00fcstungen bei Winzern auf der ganzen Welt anrichtete, wobei niemand schrecklicher litt als die Erzeuger im deutschen Ahrtal.<\/span>.<\/span><\/h3>\n<p><span>Wie war das Wetter dieses Jahr?\u00a0Schrecklich. \u00ab<\/span><em><span>La nature m&#8217;\u00e9coeure<\/span><\/em><span>\u00bb, einer meiner Winzerfreunde, postete am 8. April auf Facebook, nachdem er sich an diesem Morgen die frostverkr\u00fcppelten Triebe an seinen Reben angesehen hatte: \u00abNatur widert mich an\u00bb.\u00a0Es braucht viel, damit ein Winzer das sp\u00fcrt.<\/span><\/p>\n<p><span>Er war nicht allein.\u00a0Jeremiaden hallen zum Ende des Jahres 2021 durch die n\u00f6rdliche Hemisph\u00e4re.\u00a0<strong>Es war das Jahr des Elends.<\/strong><\/span><\/p>\n<p><span><strong>Niemand litt schrecklicher als die Erzeuger im deutschen Ahrtal<\/strong>, wo Hochwasser, verursacht durch den viert\u00e4gigen Stillstand von Sturm Bernd vom 12. Juli \u00fcber Ostbelgien und Westdeutschland, 65 Weing\u00fcter und vier Genossenschaften besch\u00e4digten oder zerst\u00f6rten, 133 Menschen das Leben kosteten und H\u00e4user zerst\u00f6rten. Br\u00fccken und Eisenbahnlinien.<\/span><\/p>\n<p><span>Die Reaktion von Weinliebhabern und der deutschen Weingemeinde war gro\u00dfartig, aber eine vollst\u00e4ndige Genesung von diesem schrecklichen Mitternachtsangriff durch Wasser, der mit dem Ger\u00e4usch von zerbrechenden Fenstern, fallenden B\u00e4umen und Hilferufen von auf dem Dach gestrandeten Kindern ausgetragen wurde, wird dauern Jahre.<\/span><\/p>\n<p><span><strong>Auch Mitte September gab es im Gard und im H\u00e9rault, S\u00fcdfrankreich<\/strong>, weitere sch\u00e4dliche \u00dcberschwemmungen, die Weinberge beeintr\u00e4chtigten, die immer noch 20 % bis 40 % der Jahresernte tragen.<\/span><\/p>\n<p>[\/et_pb_text][et_pb_image src=&#8221;https:\/\/kapweine.ch\/wp-content\/uploads\/2022\/01\/Unwetter-2021-Wein.png&#8221; alt=&#8221;Unwetter 2021 Wein&#8221; title_text=&#8221;Unwetter 2021 Wein&#8221; _builder_version=&#8221;4.10.7&#8243; _module_preset=&#8221;default&#8221; global_colors_info=&#8221;{}&#8221;][\/et_pb_image][et_pb_text _builder_version=&#8221;4.10.7&#8243; _module_preset=&#8221;default&#8221; global_colors_info=&#8221;{}&#8221;]<\/p>\n<p><span><strong>Wirtschaftlich gesehen wurde der gr\u00f6\u00dfte Teil des Schadens in Europa Anfang 2021 getroffen<\/strong> \u2013 aufgrund der Aprilfr\u00f6ste, die (wie 2016 und 2017) auf einen fr\u00fchen Knospenaufbruch nach einem milden Winter folgten.\u00a0Diese fatale Zangenbewegung sieht allm\u00e4hlich aus wie die unheimlichste aller Bedrohungen durch die globale Erw\u00e4rmung f\u00fcr die Weinbauern der n\u00f6rdlichen Hemisph\u00e4re.<\/span><\/p>\n<p><span>Wie ich in meiner\u00a0<\/span><em><span>Decanter<\/span><\/em><span> -Kolumne vom April beschrieben habe, haben es Reben und Erzeuger gleichermassen gut geschafft, mit der Rekordsommerhitze in Jahrg\u00e4ngen wie 2018, 2019 und 2020 fertig zu werden \u2013 aber es sind die Wintertemperaturen, die immer steiler ansteigen als die Sommertemperaturen . Die arktische Erw\u00e4rmung st\u00f6rt die Funktion sowohl des Polarwirbels als auch des Jetstreams, was dazu f\u00fchrt, dass im Fr\u00fchjahr immer wieder eisige Polarluft in die mittleren Breiten vordringt.<\/span><\/p>\n<p><span>Frankreich hat in diesem Jahr mindestens ein Viertel seiner normalen Ernte verloren \u2013 und vielleicht 2 Mrd.<\/span><\/p>\n<p><strong>Nur Cognac, Savoie und\u00a0<a href=\"https:\/\/www.decanter.com\/wine\/wine-regions\/alsace\/\" class=\"hawk-link-parsed\">Elsass<\/a><\/strong><span><strong>\u00a0blieben verschont.\u00a0<\/strong>Eine \u00abwarme\u00bb Region wie Ch\u00e2teauneuf-du-Pape, die einst als nahezu frostsicher galt, hat nun zwei Jahre in Folge Frost heimgesucht.<\/span><\/p>\n<p><span>Dann folgte f\u00fcr die meisten Regionen ein verregneter Sommer mit weiteren Sch\u00e4den durch Falschen Mehltau, Echten Mehltau, Schwarzf\u00e4ule und Botrytis: Teile der\u00a0<\/span><strong><a href=\"https:\/\/www.decanter.com\/wine\/wine-regions\/champagne\/\" class=\"hawk-link-parsed\"><span>Champagne<\/span><\/a><\/strong><span>\u00a0und des\u00a0<\/span><strong><a href=\"https:\/\/www.decanter.com\/wine\/wine-regions\/burgundy-wine\/\" class=\"hawk-link-parsed\"><span>Burgunds<\/span><\/a><\/strong><span>\u00a0verloren etwa 30 % ihrer Weinberge durch Frost, dann weitere 30 % durch Krankheiten.\u00a0Das Roussillon im S\u00fcdwesten k\u00e4mpfte mit anhaltender D\u00fcrre, und die s\u00fcdliche\u00a0<\/span><strong><a href=\"https:\/\/www.decanter.com\/wine\/wine-regions\/rhone-valley\/\" class=\"hawk-link-parsed\"><span>Rh\u00f4ne<\/span><\/a><\/strong><span>\u00a0und die\u00a0<\/span><strong><a href=\"https:\/\/www.decanter.com\/wine\/wine-regions\/provence\/\" class=\"hawk-link-parsed\"><span>Provence<\/span><\/a><\/strong><span>\u00a0mussten sowohl mit Hagel als auch mit Waldbr\u00e4nden zu k\u00e4mpfen haben.<\/span><\/p>\n<p><span><strong>Auch Italien und Spanien haben in diesem Jahr geringere Ernten zu verzeichnen,<\/strong> obwohl der R\u00fcckstand bei beiden weniger schwerwiegend ist als in Frankreich (9 % in Italien beispielsweise).\u00a0D\u00fcrre und Waldbr\u00e4nde stellen unterdessen weiterhin eine gewaltige Herausforderung f\u00fcr die Weinberge an der Pazifikk\u00fcste Nordamerikas dar, mit treibenden Rauchfahnen und Smog, der die Erzeuger von\u00a0<\/span><strong><a href=\"https:\/\/www.decanter.com\/wine\/wine-regions\/california-wine-region\/\" class=\"hawk-link-parsed\"><span>Kalifornien<\/span><\/a><\/strong><span>\u00a0bis hinauf nach Okanagan beunruhigt.<\/span><\/p>\n<p><span>Auch die Unordnung in der Natur ist nicht die einzige Herausforderung f\u00fcr die Winzer.\u00a0Ich habe in diesem Jahr oft an die fast unvorstellbaren Probleme gedacht, mit denen Weinproduzenten und -exporteure vor allem in drei L\u00e4ndern konfrontiert sind: Libanon, der von einer der weltweit schlimmsten Wirtschaftskrisen der letzten 150 Jahre heimgesucht wurde;\u00a0Argentinien, seine anhaltende Rezession in Kombination mit einer Inflation von \u00fcber 40 %;\u00a0<strong>und\u00a0<\/strong><\/span><strong><a href=\"https:\/\/www.decanter.com\/wine\/wine-regions\/south-african-wine\/\" class=\"hawk-link-parsed\">S\u00fcdafrika<\/a>\u00a0, wo Covid-19 zwischen M\u00e4rz 2020 und Juli 2021 zu nicht weniger als vier vollst\u00e4ndigen Alkoholverboten f\u00fchrte.<\/strong><\/p>\n<p><strong>Wir betrachten Weinflaschen und sehen Freude und Freude, L\u00e4cheln und W\u00e4rme \u2013 und wir sind dankbar.\u00a0Wenn jedoch die blo\u00dfe Existenz der Flasche ein Triumph \u00fcber extremes Ungl\u00fcck ist, scheint sogar Dankbarkeit unzureichend.<\/strong><\/p>\n<p><span>Wenn Sie jemals Lust haben, in Solidarit\u00e4t mit den K\u00e4mpfen der Erzeuger und ihrer Arbeiter Wein zu trinken, die daran arbeiten, die Weine herzustellen, die uns so viel Freude bereiten, dann muss Weihnachten die Zeit daf\u00fcr sein.<\/span><\/p>\n<p>[\/et_pb_text][\/et_pb_column][\/et_pb_row][et_pb_row _builder_version=&#8221;4.10.7&#8243; _module_preset=&#8221;default&#8221; custom_padding=&#8221;||60px|||&#8221; global_colors_info=&#8221;{}&#8221;][et_pb_column type=&#8221;4_4&#8243; _builder_version=&#8221;4.10.7&#8243; _module_preset=&#8221;default&#8221; global_colors_info=&#8221;{}&#8221;][et_pb_cta button_url=&#8221;https:\/\/www.decanter.com\/magazine\/andrew-jefford-2021-has-been-the-year-of-all-the-miseries-469584\/&#8221; url_new_window=&#8221;on&#8221; button_text=&#8221;Zum Original-Beitrag&#8221; _builder_version=&#8221;4.10.7&#8243; _module_preset=&#8221;default&#8221; background_color=&#8221;#87d875&#8243; custom_button=&#8221;on&#8221; button_use_icon=&#8221;off&#8221; global_colors_info=&#8221;{}&#8221;][\/et_pb_cta][\/et_pb_column][\/et_pb_row][\/et_pb_section]<\/p>\n","protected":false},"excerpt":{"rendered":"<p>Andrew Jefford \u2013 \u00ab2021 war das Weinjahr des Elends\u00bb<\/p>\n","protected":false},"author":1,"featured_media":9454,"comment_status":"open","ping_status":"open","sticky":false,"template":"","format":"standard","meta":{"_et_pb_use_builder":"on","_et_pb_old_content":"","_et_gb_content_width":"","_links_to":"","_links_to_target":""},"categories":[214],"tags":[409,411,408,410,867,569,728,412,295,928],"yoast_head":"<!-- This site is optimized with the Yoast SEO plugin v17.1 - https:\/\/yoast.com\/wordpress\/plugins\/seo\/ -->\n<title>Andrew Jefford \u2013 \u00ab2021 war das Weinjahr des Elends\u00bb - Kapweine<\/title>\n<meta name=\"description\" content=\"Andrew Jefford blickt auf 2021 zur\u00fcck, das von schrecklichem Wetter gepr\u00e4gt war und Verw\u00fcstungen bei Winzern auf der ganzen Welt anrichtete.\" \/>\n<meta name=\"robots\" content=\"index, follow, max-snippet:-1, max-image-preview:large, max-video-preview:-1\" \/>\n<link rel=\"canonical\" href=\"https:\/\/kapweine.ch\/en\/andrew-jefford-2021-weinjahr-des-elends\/\" \/>\n<meta name=\"twitter:label1\" content=\"Written by\" \/>\n\t<meta name=\"twitter:data1\" content=\"kapweine\" \/>\n\t<meta name=\"twitter:label2\" content=\"Est. reading time\" \/>\n\t<meta name=\"twitter:data2\" content=\"4 minutes\" \/>\n<script type=\"application\/ld+json\" class=\"yoast-schema-graph\">{\"@context\":\"https:\/\/schema.org\",\"@graph\":[{\"@type\":\"WebSite\",\"@id\":\"https:\/\/kapweine.ch\/#website\",\"url\":\"https:\/\/kapweine.ch\/\",\"name\":\"Kapweine\",\"description\":\"The Home of South African Wines\",\"publisher\":{\"@id\":\"https:\/\/kapweine.ch\/#\/schema\/person\/7eefcc412830a8352081b5c962b32917\"},\"potentialAction\":[{\"@type\":\"SearchAction\",\"target\":{\"@type\":\"EntryPoint\",\"urlTemplate\":\"https:\/\/kapweine.ch\/?s={search_term_string}\"},\"query-input\":\"required name=search_term_string\"}],\"inLanguage\":\"en-US\"},{\"@type\":\"ImageObject\",\"@id\":\"https:\/\/kapweine.ch\/andrew-jefford-2021-weinjahr-des-elends\/#primaryimage\",\"inLanguage\":\"en-US\",\"url\":\"https:\/\/kapweine.ch\/wp-content\/uploads\/2022\/01\/Anred-Jefford-Decanter.png\",\"contentUrl\":\"https:\/\/kapweine.ch\/wp-content\/uploads\/2022\/01\/Anred-Jefford-Decanter.png\",\"width\":1020,\"height\":600,\"caption\":\"S\\u00fcdafrika Weinproduzenten hatten es 2021 schwer\"},{\"@type\":\"WebPage\",\"@id\":\"https:\/\/kapweine.ch\/andrew-jefford-2021-weinjahr-des-elends\/#webpage\",\"url\":\"https:\/\/kapweine.ch\/andrew-jefford-2021-weinjahr-des-elends\/\",\"name\":\"Andrew Jefford \\u2013 \\u00ab2021 war das Weinjahr des Elends\\u00bb - Kapweine\",\"isPartOf\":{\"@id\":\"https:\/\/kapweine.ch\/#website\"},\"primaryImageOfPage\":{\"@id\":\"https:\/\/kapweine.ch\/andrew-jefford-2021-weinjahr-des-elends\/#primaryimage\"},\"datePublished\":\"2022-02-02T10:12:00+00:00\",\"dateModified\":\"2022-03-07T00:15:36+00:00\",\"description\":\"Andrew Jefford blickt auf 2021 zur\\u00fcck, das von schrecklichem Wetter gepr\\u00e4gt war und Verw\\u00fcstungen bei Winzern auf der ganzen Welt anrichtete.\",\"breadcrumb\":{\"@id\":\"https:\/\/kapweine.ch\/andrew-jefford-2021-weinjahr-des-elends\/#breadcrumb\"},\"inLanguage\":\"en-US\",\"potentialAction\":[{\"@type\":\"ReadAction\",\"target\":[\"https:\/\/kapweine.ch\/andrew-jefford-2021-weinjahr-des-elends\/\"]}]},{\"@type\":\"BreadcrumbList\",\"@id\":\"https:\/\/kapweine.ch\/andrew-jefford-2021-weinjahr-des-elends\/#breadcrumb\",\"itemListElement\":[{\"@type\":\"ListItem\",\"position\":1,\"name\":\"Home\",\"item\":\"https:\/\/kapweine.ch\/\"},{\"@type\":\"ListItem\",\"position\":2,\"name\":\"Andrew Jefford \\u2013 \\u00ab2021 war das Weinjahr des Elends\\u00bb\"}]},{\"@type\":\"Article\",\"@id\":\"https:\/\/kapweine.ch\/andrew-jefford-2021-weinjahr-des-elends\/#article\",\"isPartOf\":{\"@id\":\"https:\/\/kapweine.ch\/andrew-jefford-2021-weinjahr-des-elends\/#webpage\"},\"author\":{\"@id\":\"https:\/\/kapweine.ch\/#\/schema\/person\/7eefcc412830a8352081b5c962b32917\"},\"headline\":\"Andrew Jefford \\u2013 \\u00ab2021 war das Weinjahr des Elends\\u00bb\",\"datePublished\":\"2022-02-02T10:12:00+00:00\",\"dateModified\":\"2022-03-07T00:15:36+00:00\",\"mainEntityOfPage\":{\"@id\":\"https:\/\/kapweine.ch\/andrew-jefford-2021-weinjahr-des-elends\/#webpage\"},\"wordCount\":943,\"commentCount\":1,\"publisher\":{\"@id\":\"https:\/\/kapweine.ch\/#\/schema\/person\/7eefcc412830a8352081b5c962b32917\"},\"image\":{\"@id\":\"https:\/\/kapweine.ch\/andrew-jefford-2021-weinjahr-des-elends\/#primaryimage\"},\"thumbnailUrl\":\"https:\/\/kapweine.ch\/wp-content\/uploads\/2022\/01\/Anred-Jefford-Decanter.png\",\"keywords\":[\"2021\",\"Alkohlverbot\",\"Andrew Jefford\",\"Covid-19\",\"Decanter\",\"rotwine\",\"South Africa Wine\",\"Weinjahr\",\"white wine\",\"Winemaker\"],\"articleSection\":[\"News\"],\"inLanguage\":\"en-US\",\"potentialAction\":[{\"@type\":\"CommentAction\",\"name\":\"Comment\",\"target\":[\"https:\/\/kapweine.ch\/andrew-jefford-2021-weinjahr-des-elends\/#respond\"]}]},{\"@type\":[\"Person\",\"Organization\"],\"@id\":\"https:\/\/kapweine.ch\/#\/schema\/person\/7eefcc412830a8352081b5c962b32917\",\"name\":\"kapweine\",\"image\":{\"@type\":\"ImageObject\",\"@id\":\"https:\/\/kapweine.ch\/#personlogo\",\"inLanguage\":\"en-US\",\"url\":\"https:\/\/secure.gravatar.com\/avatar\/cca08b19179943facd711814c8953849?s=96&d=blank&r=g\",\"contentUrl\":\"https:\/\/secure.gravatar.com\/avatar\/cca08b19179943facd711814c8953849?s=96&d=blank&r=g\",\"caption\":\"kapweine\"},\"logo\":{\"@id\":\"https:\/\/kapweine.ch\/#personlogo\"},\"sameAs\":[\"https:\/\/kapweine.ch\"]}]}<\/script>\n<!-- \/ Yoast SEO plugin. -->","yoast_head_json":{"title":"Andrew Jefford \u2013 \u00ab2021 war das Weinjahr des Elends\u00bb - Kapweine","description":"Andrew Jefford blickt auf 2021 zur\u00fcck, das von schrecklichem Wetter gepr\u00e4gt war und Verw\u00fcstungen bei Winzern auf der ganzen Welt anrichtete.","robots":{"index":"index","follow":"follow","max-snippet":"max-snippet:-1","max-image-preview":"max-image-preview:large","max-video-preview":"max-video-preview:-1"},"canonical":"https:\/\/kapweine.ch\/en\/andrew-jefford-2021-weinjahr-des-elends\/","twitter_misc":{"Written by":"kapweine","Est. reading time":"4 minutes"},"schema":{"@context":"https:\/\/schema.org","@graph":[{"@type":"WebSite","@id":"https:\/\/kapweine.ch\/#website","url":"https:\/\/kapweine.ch\/","name":"Kapweine","description":"The Home of South African Wines","publisher":{"@id":"https:\/\/kapweine.ch\/#\/schema\/person\/7eefcc412830a8352081b5c962b32917"},"potentialAction":[{"@type":"SearchAction","target":{"@type":"EntryPoint","urlTemplate":"https:\/\/kapweine.ch\/?s={search_term_string}"},"query-input":"required name=search_term_string"}],"inLanguage":"en-US"},{"@type":"ImageObject","@id":"https:\/\/kapweine.ch\/andrew-jefford-2021-weinjahr-des-elends\/#primaryimage","inLanguage":"en-US","url":"https:\/\/kapweine.ch\/wp-content\/uploads\/2022\/01\/Anred-Jefford-Decanter.png","contentUrl":"https:\/\/kapweine.ch\/wp-content\/uploads\/2022\/01\/Anred-Jefford-Decanter.png","width":1020,"height":600,"caption":"S\u00fcdafrika Weinproduzenten hatten es 2021 schwer"},{"@type":"WebPage","@id":"https:\/\/kapweine.ch\/andrew-jefford-2021-weinjahr-des-elends\/#webpage","url":"https:\/\/kapweine.ch\/andrew-jefford-2021-weinjahr-des-elends\/","name":"Andrew Jefford \u2013 \u00ab2021 war das Weinjahr des Elends\u00bb - Kapweine","isPartOf":{"@id":"https:\/\/kapweine.ch\/#website"},"primaryImageOfPage":{"@id":"https:\/\/kapweine.ch\/andrew-jefford-2021-weinjahr-des-elends\/#primaryimage"},"datePublished":"2022-02-02T10:12:00+00:00","dateModified":"2022-03-07T00:15:36+00:00","description":"Andrew Jefford blickt auf 2021 zur\u00fcck, das von schrecklichem Wetter gepr\u00e4gt war und Verw\u00fcstungen bei Winzern auf der ganzen Welt anrichtete.","breadcrumb":{"@id":"https:\/\/kapweine.ch\/andrew-jefford-2021-weinjahr-des-elends\/#breadcrumb"},"inLanguage":"en-US","potentialAction":[{"@type":"ReadAction","target":["https:\/\/kapweine.ch\/andrew-jefford-2021-weinjahr-des-elends\/"]}]},{"@type":"BreadcrumbList","@id":"https:\/\/kapweine.ch\/andrew-jefford-2021-weinjahr-des-elends\/#breadcrumb","itemListElement":[{"@type":"ListItem","position":1,"name":"Home","item":"https:\/\/kapweine.ch\/"},{"@type":"ListItem","position":2,"name":"Andrew Jefford \u2013 \u00ab2021 war das Weinjahr des Elends\u00bb"}]},{"@type":"Article","@id":"https:\/\/kapweine.ch\/andrew-jefford-2021-weinjahr-des-elends\/#article","isPartOf":{"@id":"https:\/\/kapweine.ch\/andrew-jefford-2021-weinjahr-des-elends\/#webpage"},"author":{"@id":"https:\/\/kapweine.ch\/#\/schema\/person\/7eefcc412830a8352081b5c962b32917"},"headline":"Andrew Jefford \u2013 \u00ab2021 war das Weinjahr des Elends\u00bb","datePublished":"2022-02-02T10:12:00+00:00","dateModified":"2022-03-07T00:15:36+00:00","mainEntityOfPage":{"@id":"https:\/\/kapweine.ch\/andrew-jefford-2021-weinjahr-des-elends\/#webpage"},"wordCount":943,"commentCount":1,"publisher":{"@id":"https:\/\/kapweine.ch\/#\/schema\/person\/7eefcc412830a8352081b5c962b32917"},"image":{"@id":"https:\/\/kapweine.ch\/andrew-jefford-2021-weinjahr-des-elends\/#primaryimage"},"thumbnailUrl":"https:\/\/kapweine.ch\/wp-content\/uploads\/2022\/01\/Anred-Jefford-Decanter.png","keywords":["2021","Alkohlverbot","Andrew Jefford","Covid-19","Decanter","rotwine","South Africa Wine","Weinjahr","white wine","Winemaker"],"articleSection":["News"],"inLanguage":"en-US","potentialAction":[{"@type":"CommentAction","name":"Comment","target":["https:\/\/kapweine.ch\/andrew-jefford-2021-weinjahr-des-elends\/#respond"]}]},{"@type":["Person","Organization"],"@id":"https:\/\/kapweine.ch\/#\/schema\/person\/7eefcc412830a8352081b5c962b32917","name":"kapweine","image":{"@type":"ImageObject","@id":"https:\/\/kapweine.ch\/#personlogo","inLanguage":"en-US","url":"https:\/\/secure.gravatar.com\/avatar\/cca08b19179943facd711814c8953849?s=96&d=blank&r=g","contentUrl":"https:\/\/secure.gravatar.com\/avatar\/cca08b19179943facd711814c8953849?s=96&d=blank&r=g","caption":"kapweine"},"logo":{"@id":"https:\/\/kapweine.ch\/#personlogo"},"sameAs":["https:\/\/kapweine.ch"]}]}},"_links":{"self":[{"href":"https:\/\/kapweine.ch\/en\/wp-json\/wp\/v2\/posts\/9445"}],"collection":[{"href":"https:\/\/kapweine.ch\/en\/wp-json\/wp\/v2\/posts"}],"about":[{"href":"https:\/\/kapweine.ch\/en\/wp-json\/wp\/v2\/types\/post"}],"author":[{"embeddable":true,"href":"https:\/\/kapweine.ch\/en\/wp-json\/wp\/v2\/users\/1"}],"replies":[{"embeddable":true,"href":"https:\/\/kapweine.ch\/en\/wp-json\/wp\/v2\/comments?post=9445"}],"version-history":[{"count":8,"href":"https:\/\/kapweine.ch\/en\/wp-json\/wp\/v2\/posts\/9445\/revisions"}],"predecessor-version":[{"id":10958,"href":"https:\/\/kapweine.ch\/en\/wp-json\/wp\/v2\/posts\/9445\/revisions\/10958"}],"wp:featuredmedia":[{"embeddable":true,"href":"https:\/\/kapweine.ch\/en\/wp-json\/wp\/v2\/media\/9454"}],"wp:attachment":[{"href":"https:\/\/kapweine.ch\/en\/wp-json\/wp\/v2\/media?parent=9445"}],"wp:term":[{"taxonomy":"category","embeddable":true,"href":"https:\/\/kapweine.ch\/en\/wp-json\/wp\/v2\/categories?post=9445"},{"taxonomy":"post_tag","embeddable":true,"href":"https:\/\/kapweine.ch\/en\/wp-json\/wp\/v2\/tags?post=9445"}],"curies":[{"name":"wp","href":"https:\/\/api.w.org\/{rel}","templated":true}]}}